{"id":114203,"date":"2019-11-17T14:30:52","date_gmt":"2019-11-17T13:30:52","guid":{"rendered":"https:\/\/zjarr.tv\/?p=114203"},"modified":"2019-11-17T14:30:52","modified_gmt":"2019-11-17T13:30:52","slug":"ndahet-nga-jeta-artisti-fierak-mesazhi-prekes-i-djalit-dhimbje-dyfish","status":"publish","type":"post","link":"https:\/\/zjarr.tv\/en\/ndahet-nga-jeta-artisti-fierak-mesazhi-prekes-i-djalit-dhimbje-dyfish\/","title":{"rendered":"Ndahet nga jeta artisti fierak, mesazhi prek\u00ebs i djalit: Dhimbje dyfish"},"content":{"rendered":"<p>Jani Tase, i cil\u00ebsuar si themeluesi i k\u00ebng\u00ebs qytetare fierake \u00ebsht\u00eb ndar\u00eb nga jeta. Lajmi \u00ebsht\u00eb b\u00ebr\u00eb i ditur nga djali i tij, Fredi Tase, i cili prek me fjal\u00eb zemre kushtuar t\u00eb atit.<\/p>\n<div id=\"sovrn\" class=\"desktop_ad ad_bottom_space\"><\/div>\n<p>Teksa e cil\u00ebson si njeriun q\u00eb e frym\u00ebzoi, djali i Jani Tases thot\u00eb se ky i fundit ka pas nj\u00eb trash\u00ebgimi t\u00eb pasur artistike.<\/p>\n<div class=\"galery-slider\">\n<ul class=\"slides\">\n<li class=\"flex-slider-item flex-active-slide\" data-thumb-alt=\"\"><a href=\"https:\/\/balkanweb.com\/wp-content\/uploads\/2019\/11\/085ea7a2-94cd-4004-a7b8-b978d6a074d2.jpg\" rel=\"lightbox\"><img decoding=\"async\" draggable=\"false\" src=\"https:\/\/balkanweb.com\/wp-content\/uploads\/2019\/11\/085ea7a2-94cd-4004-a7b8-b978d6a074d2.jpg\" alt=\"foto galeri \" \/><\/a><\/li>\n<li class=\"flex-slider-item\" data-thumb-alt=\"\"><a href=\"https:\/\/balkanweb.com\/wp-content\/uploads\/2019\/11\/5660f0c6-9823-4f0b-b7df-ceaaa83cc72a.jpg\" rel=\"lightbox\"><img decoding=\"async\" draggable=\"false\" src=\"https:\/\/balkanweb.com\/wp-content\/uploads\/2019\/11\/5660f0c6-9823-4f0b-b7df-ceaaa83cc72a.jpg\" alt=\"foto galeri \" \/><\/a><\/li>\n<li class=\"flex-slider-item\" data-thumb-alt=\"\"><a href=\"https:\/\/balkanweb.com\/wp-content\/uploads\/2019\/11\/8c874940-a77d-4feb-bc52-0513a0893f7b.jpg\" rel=\"lightbox\"><img decoding=\"async\" draggable=\"false\" src=\"https:\/\/balkanweb.com\/wp-content\/uploads\/2019\/11\/8c874940-a77d-4feb-bc52-0513a0893f7b.jpg\" alt=\"foto galeri \" \/><\/a><\/li>\n<\/ul>\n<\/div>\n<div id=\"pa_1x1_psbk_1573997430110\"><\/div>\n<p>Dit\u00ebn e stome do t\u00eb mbahen homazhet n\u00eb nder t\u00eb kujtimit t\u00eb Tases, nd\u00ebrsa m\u00eb pas ai do t\u00eb p\u00ebrcillet p\u00ebr n\u00eb banes\u00ebn e fundit.<\/p>","protected":false},"excerpt":{"rendered":"<p>Jani Tase, i cil\u00ebsuar si themeluesi i k\u00ebng\u00ebs qytetare fierake \u00ebsht\u00eb ndar\u00eb nga jeta. Lajmi \u00ebsht\u00eb b\u00ebr\u00eb i ditur nga djali i tij, Fredi Tase, i cili prek me fjal\u00eb zemre kushtuar t\u00eb atit. Teksa e cil\u00ebson si njeriun q\u00eb e frym\u00ebzoi, djali i Jani Tases thot\u00eb se ky i fundit ka pas nj\u00eb trash\u00ebgimi [&hellip;]<\/p>\n","protected":false},"author":2013,"featured_media":114206,"comment_status":"open","ping_status":"closed","sticky":false,"template":"","format":"standard","meta":{"footnotes":""},"categories":[241,235],"tags":[],"class_list":{"0":"post-114203","1":"post","2":"type-post","3":"status-publish","4":"format-standard","5":"has-post-thumbnail","7":"category-aktualitet","8":"category-vendi"},"_links":{"self":[{"href":"https:\/\/zjarr.tv\/en\/wp-json\/wp\/v2\/posts\/114203","targetHints":{"allow":["GET"]}}],"collection":[{"href":"https:\/\/zjarr.tv\/en\/wp-json\/wp\/v2\/posts"}],"about":[{"href":"https:\/\/zjarr.tv\/en\/wp-json\/wp\/v2\/types\/post"}],"author":[{"embeddable":true,"href":"https:\/\/zjarr.tv\/en\/wp-json\/wp\/v2\/users\/2013"}],"replies":[{"embeddable":true,"href":"https:\/\/zjarr.tv\/en\/wp-json\/wp\/v2\/comments?post=114203"}],"version-history":[{"count":0,"href":"https:\/\/zjarr.tv\/en\/wp-json\/wp\/v2\/posts\/114203\/revisions"}],"wp:featuredmedia":[{"embeddable":true,"href":"https:\/\/zjarr.tv\/en\/wp-json\/wp\/v2\/media\/114206"}],"wp:attachment":[{"href":"https:\/\/zjarr.tv\/en\/wp-json\/wp\/v2\/media?parent=114203"}],"wp:term":[{"taxonomy":"category","embeddable":true,"href":"https:\/\/zjarr.tv\/en\/wp-json\/wp\/v2\/categories?post=114203"},{"taxonomy":"post_tag","embeddable":true,"href":"https:\/\/zjarr.tv\/en\/wp-json\/wp\/v2\/tags?post=114203"}],"curies":[{"name":"wp","href":"https:\/\/api.w.org\/{rel}","templated":true}]}}