{"id":114207,"date":"2019-11-17T14:53:27","date_gmt":"2019-11-17T13:53:27","guid":{"rendered":"https:\/\/zjarr.tv\/?p=114207"},"modified":"2019-11-17T14:53:27","modified_gmt":"2019-11-17T13:53:27","slug":"gazment-bardhi-sulmi-i-vellait-te-geron-xhafes-i-papranueshem","status":"publish","type":"post","link":"https:\/\/zjarr.tv\/en\/gazment-bardhi-sulmi-i-vellait-te-geron-xhafes-i-papranueshem\/","title":{"rendered":"Gazment Bardhi: Sulmi i v\u00ebllait t\u00eb Geron Xhaf\u00ebs, i papranuesh\u00ebm"},"content":{"rendered":"<p>Sekretari i P\u00ebrgjithsh\u00ebm i Partis\u00eb Demokratike, Gazment Bardhi, iu p\u00ebrgjigj akuzave q\u00eb b\u00ebri Fatmir Xhafaj p\u00ebr Marsida Xhaferllarin, e betuar si an\u00ebtare e re e Gjykat\u00ebs Kushtetuese.\u00a0Sipas Bardhit, sulmet e Xhafajt bien ndesh me q\u00ebllimin e Reform\u00ebs n\u00eb Drejt\u00ebsi, q\u00eb politika t\u00eb rrij\u00eb larg vendimmarrjeve t\u00eb gjyq\u00ebsorit.<\/p>\n<p><strong>DEKLARATA<\/strong><\/p>\n<p>Sulmi i v\u00ebllait t\u00eb Geron Xhaf\u00ebs ndaj Gjykat\u00ebs Kushtetutese p\u00ebrse zbatoi Kushtetut\u00ebn dhe jo urdhrat e Partis\u00eb \u00ebsht\u00eb i papranuesh\u00ebm dhe bie ndesh me q\u00ebllimin e Reform\u00ebs n\u00eb Drejt\u00ebsi, q\u00eb politika t\u00eb rrij\u00eb larg vendimmarrjeve t\u00eb gjyq\u00ebsorit.<\/p>\n<div id=\"rekl-13\">\n<div id=\"__sap-ad-15\" class=\"__sap-ads __sap-html tracked\" data-title=\"Credins desktop 08\"><ins><\/p>\n<div id=\"beacon_277089bbac\"><\/div>\n<p><\/ins><\/div>\n<\/div>\n<p>E kuptojm\u00eb q\u00eb v\u00ebllai i Geronit k\u00ebrkon q\u00eb t\u00eb ket\u00eb n\u00eb Gjykat\u00ebn Kushtetuese nj\u00eb person q\u00eb betohet tek zyra e tij p\u00ebr sh\u00ebrbime partiake, por Kushtetuta \u00ebsht\u00eb e qart\u00eb n\u00eb tre pika:<\/p>\n<p>1. Em\u00ebrimi i 3 gjyqtar\u00ebve t\u00eb Gjykat\u00ebs Kushtetuese b\u00ebhet nga Presidenti i Republik\u00ebs dhe jo nga Dvorani i Partis\u00eb n\u00eb KED (neni 125 i Kushtetut\u00ebs).<\/p>\n<p>2. Gjyqtari i em\u00ebruar q\u00eb t\u00eb filloj\u00eb detyr\u00ebn duhen t\u00eb betohet p\u00ebrpara Presidentit t\u00eb Republik\u00ebs dhe jo n\u00eb zyr\u00ebn e Fatmir Xhaf\u00ebs apo selin\u00eb e Partis\u00eb Socialiste (neni 129 i Kushtetut\u00ebs).<\/p>\n<p>3. Gjyqtari i Gjykat\u00ebs Kushtetuese duhet t\u00eb betohet q\u00eb do t&#8217;i q\u00ebndroj kurdoher\u00eb besnik Kushtetut\u00ebs s\u00eb Republik\u00ebs t\u00eb Shqip\u00ebris\u00eb, dhe jo pushtetit popullor dhe Statutit t\u00eb Partis\u00eb Socialiste (neni 129 i Kushtetut\u00ebs).<\/p>\n<p>K\u00ebshilli i Em\u00ebrimeve n\u00eb Drejt\u00ebsi nuk ka shpallur asnj\u00eb fitues, sepse nuk e ka k\u00ebt\u00eb kompetenc\u00eb (neni 149\/d i Kushtetut\u00ebs). Dvorani i Partis\u00eb ka b\u00ebr\u00eb veprime administrative t\u00eb paligjshme n\u00eb zbatim t\u00eb urdhrave t\u00eb Partis\u00eb, por ato nuk jan\u00eb vendime t\u00eb organit kolegjial KED, por vendime personale t\u00eb ushtarit t\u00eb v\u00ebllait t\u00eb Geronit n\u00eb KED.<\/p>\n<p>Ata q\u00eb s\u2019po len\u00eb organ t\u00eb ri t\u00eb drejt\u00ebsis\u00eb pa futur duart, me monovra kriminale, politike, q\u00ebllimk\u00ebqija dhe antikushtetuese, duhet t\u00eb kuptojn\u00eb se zbatimi korrekt dhe sipas Kushtetut\u00ebs i Reform\u00ebs n\u00eb Drejt\u00ebsi \u00ebsht\u00eb parakusht p\u00ebr ecurin\u00eb e Shqip\u00ebris\u00eb n\u00eb Bashkimin Europian.<\/p>\n<p>Drejt\u00ebsia e re nuk b\u00ebhet me sh\u00ebrb\u00ebtor\u00eb partiak\u00eb, por me individ\u00eb q\u00eb respektojn\u00eb Kushtetut\u00ebn dhe zbatojn\u00eb at\u00eb n\u00eb mbrojtje t\u00eb interesave t\u00eb qytetar\u00ebve. Arta Vorpsi me sjelljen prej sh\u00ebrb\u00ebtorje politike humbi \u00e7do mund\u00ebsi p\u00ebr t\u00eb qen\u00eb, ligj\u00ebrisht dhe moralisht, gjyqtare e Gjykat\u00ebs Kushtetutese. Ajo u provua se ishte e renditur e par\u00eb, jo p\u00ebr aft\u00ebsi e profesionaliz\u00ebm, por p\u00ebr miq\u00ebsi me Fatmir Xhaf\u00ebn dhe ushtar\u00ebt e tij n\u00eb KED Ardian Dvorani e Arta Marku.<\/p>\n<p>Reforma n\u00eb Drejt\u00ebsi duhet t\u00eb zbatohet vet\u00ebm sipas Kushtetut\u00ebs! Vet\u00ebm k\u00ebshtu drejt\u00ebsia e re p\u00ebrmbush standardet e vendeve partnere q\u00eb na ndihmuan n\u00eb realizimin e saj.<\/p>","protected":false},"excerpt":{"rendered":"<p>Sekretari i P\u00ebrgjithsh\u00ebm i Partis\u00eb Demokratike, Gazment Bardhi, iu p\u00ebrgjigj akuzave q\u00eb b\u00ebri Fatmir Xhafaj p\u00ebr Marsida Xhaferllarin, e betuar si an\u00ebtare e re e Gjykat\u00ebs Kushtetuese.\u00a0Sipas Bardhit, sulmet e Xhafajt bien ndesh me q\u00ebllimin e Reform\u00ebs n\u00eb Drejt\u00ebsi, q\u00eb politika t\u00eb rrij\u00eb larg vendimmarrjeve t\u00eb gjyq\u00ebsorit. DEKLARATA Sulmi i v\u00ebllait t\u00eb Geron Xhaf\u00ebs ndaj [&hellip;]<\/p>\n","protected":false},"author":2013,"featured_media":88543,"comment_status":"open","ping_status":"closed","sticky":false,"template":"","format":"standard","meta":{"footnotes":""},"categories":[241,235],"tags":[],"class_list":{"0":"post-114207","1":"post","2":"type-post","3":"status-publish","4":"format-standard","5":"has-post-thumbnail","7":"category-aktualitet","8":"category-vendi"},"_links":{"self":[{"href":"https:\/\/zjarr.tv\/en\/wp-json\/wp\/v2\/posts\/114207","targetHints":{"allow":["GET"]}}],"collection":[{"href":"https:\/\/zjarr.tv\/en\/wp-json\/wp\/v2\/posts"}],"about":[{"href":"https:\/\/zjarr.tv\/en\/wp-json\/wp\/v2\/types\/post"}],"author":[{"embeddable":true,"href":"https:\/\/zjarr.tv\/en\/wp-json\/wp\/v2\/users\/2013"}],"replies":[{"embeddable":true,"href":"https:\/\/zjarr.tv\/en\/wp-json\/wp\/v2\/comments?post=114207"}],"version-history":[{"count":0,"href":"https:\/\/zjarr.tv\/en\/wp-json\/wp\/v2\/posts\/114207\/revisions"}],"wp:featuredmedia":[{"embeddable":true,"href":"https:\/\/zjarr.tv\/en\/wp-json\/wp\/v2\/media\/88543"}],"wp:attachment":[{"href":"https:\/\/zjarr.tv\/en\/wp-json\/wp\/v2\/media?parent=114207"}],"wp:term":[{"taxonomy":"category","embeddable":true,"href":"https:\/\/zjarr.tv\/en\/wp-json\/wp\/v2\/categories?post=114207"},{"taxonomy":"post_tag","embeddable":true,"href":"https:\/\/zjarr.tv\/en\/wp-json\/wp\/v2\/tags?post=114207"}],"curies":[{"name":"wp","href":"https:\/\/api.w.org\/{rel}","templated":true}]}}