{"id":114209,"date":"2019-11-17T14:57:04","date_gmt":"2019-11-17T13:57:04","guid":{"rendered":"https:\/\/zjarr.tv\/?p=114209"},"modified":"2019-11-17T14:57:04","modified_gmt":"2019-11-17T13:57:04","slug":"prokurori-ndoja-shpjegohet-para-hetuesve-nuk-kam-konflikte-me-rrajen","status":"publish","type":"post","link":"https:\/\/zjarr.tv\/en\/prokurori-ndoja-shpjegohet-para-hetuesve-nuk-kam-konflikte-me-rrajen\/","title":{"rendered":"Prokurori Ndoja shpjegohet para hetuesve: Nuk kam konflikte me Rraj\u00ebn"},"content":{"rendered":"<p>Prokurori Arjan Ndoja ka dh\u00ebn\u00eb s\u00ebrish shpjegime p\u00ebrpara hetuesve n\u00eb lidhje me mund\u00ebsin\u00eb q\u00eb ai dhe i plagosuri tjet\u00ebr, t\u00eb ken\u00eb konflikte me t\u00eb arrestuarin, Redjan Rraja.<\/p>\n<p>Panorama shkruan se Ndoja dhe Rrumi jan\u00eb pyetur n\u00eb spital, por kan\u00eb theksuar s\u00ebrish se nuk kan\u00eb konflikte me Rraj\u00ebn.<\/p>\n<p>Dentisti nga Fush\u00eb Kruja \u00ebsht\u00eb i vetmi i arrestuar p\u00ebr ngjarjen e r\u00ebnd\u00eb.<\/p>\n<p>Mediat kan\u00eb spekuluar se Rraja mund t\u00eb jet\u00eb pjes\u00eb e nj\u00eb grupi q\u00eb kryen vrasje me pages\u00eb.<\/p>\n<p>M\u00ebsohet se tre prokuror\u00ebt e Krimeve t\u00eb R\u00ebnda kan\u00eb marr\u00eb disa her\u00eb n\u00eb pyetje t\u00eb dy t\u00eb plagosurit, Arjan Ndoja dhe Aleksand\u00ebr Laho. Ata i q\u00ebndrojn\u00eb deklaratave t\u00eb dh\u00ebna edhe m\u00eb par\u00eb p\u00ebr hetuesit duke mohuar konfliktet, jo vet\u00ebm me Rraj\u00ebn, por edhe me persona t\u00eb tjer\u00eb.<\/p>\n<p>Nd\u00ebrkoh\u00eb q\u00eb prokurori ndodhet n\u00eb spital, dy efektiv\u00eb t\u00eb policis\u00eb s\u00eb komisariatit t\u00eb Durr\u00ebsit q\u00ebndrojn\u00eb pas dere prej 17 dit\u00ebsh, duke pasur n\u00ebn mbik\u00ebqyrje gjith\u00eb vizitat. Pak dit\u00eb pas atentatit humbi jet\u00ebn shoferi i prokurorit, i cili nuk i mbijetoi dot plag\u00ebve t\u00eb marra.<\/p>","protected":false},"excerpt":{"rendered":"<p>Prokurori Arjan Ndoja ka dh\u00ebn\u00eb s\u00ebrish shpjegime p\u00ebrpara hetuesve n\u00eb lidhje me mund\u00ebsin\u00eb q\u00eb ai dhe i plagosuri tjet\u00ebr, t\u00eb ken\u00eb konflikte me t\u00eb arrestuarin, Redjan Rraja. Panorama shkruan se Ndoja dhe Rrumi jan\u00eb pyetur n\u00eb spital, por kan\u00eb theksuar s\u00ebrish se nuk kan\u00eb konflikte me Rraj\u00ebn. Dentisti nga Fush\u00eb Kruja \u00ebsht\u00eb i vetmi i [&hellip;]<\/p>\n","protected":false},"author":2013,"featured_media":112328,"comment_status":"open","ping_status":"closed","sticky":false,"template":"","format":"standard","meta":{"footnotes":""},"categories":[241,235],"tags":[],"class_list":{"0":"post-114209","1":"post","2":"type-post","3":"status-publish","4":"format-standard","5":"has-post-thumbnail","7":"category-aktualitet","8":"category-vendi"},"_links":{"self":[{"href":"https:\/\/zjarr.tv\/en\/wp-json\/wp\/v2\/posts\/114209","targetHints":{"allow":["GET"]}}],"collection":[{"href":"https:\/\/zjarr.tv\/en\/wp-json\/wp\/v2\/posts"}],"about":[{"href":"https:\/\/zjarr.tv\/en\/wp-json\/wp\/v2\/types\/post"}],"author":[{"embeddable":true,"href":"https:\/\/zjarr.tv\/en\/wp-json\/wp\/v2\/users\/2013"}],"replies":[{"embeddable":true,"href":"https:\/\/zjarr.tv\/en\/wp-json\/wp\/v2\/comments?post=114209"}],"version-history":[{"count":0,"href":"https:\/\/zjarr.tv\/en\/wp-json\/wp\/v2\/posts\/114209\/revisions"}],"wp:featuredmedia":[{"embeddable":true,"href":"https:\/\/zjarr.tv\/en\/wp-json\/wp\/v2\/media\/112328"}],"wp:attachment":[{"href":"https:\/\/zjarr.tv\/en\/wp-json\/wp\/v2\/media?parent=114209"}],"wp:term":[{"taxonomy":"category","embeddable":true,"href":"https:\/\/zjarr.tv\/en\/wp-json\/wp\/v2\/categories?post=114209"},{"taxonomy":"post_tag","embeddable":true,"href":"https:\/\/zjarr.tv\/en\/wp-json\/wp\/v2\/tags?post=114209"}],"curies":[{"name":"wp","href":"https:\/\/api.w.org\/{rel}","templated":true}]}}