{"id":114358,"date":"2019-11-18T17:50:52","date_gmt":"2019-11-18T16:50:52","guid":{"rendered":"https:\/\/zjarr.tv\/?p=114358"},"modified":"2019-11-18T13:39:36","modified_gmt":"2019-11-18T12:39:36","slug":"nato-ne-alarm-per-5g-shba-porosit-shqiperine-te-kete-kujdes-me-kinen","status":"publish","type":"post","link":"https:\/\/zjarr.tv\/en\/nato-ne-alarm-per-5g-shba-porosit-shqiperine-te-kete-kujdes-me-kinen\/","title":{"rendered":"NATO n\u00eb alarm p\u00ebr 5G, ShBA porosit Shqip\u00ebrin\u00eb t\u00eb ket\u00eb kujdes me Kin\u00ebn"},"content":{"rendered":"<p><em>SHBA k\u00ebrkon nga Shqip\u00ebria q\u00eb t\u00eb ket\u00eb kujdes n\u00eb dh\u00ebnien e s\u00eb drejt\u00ebs p\u00ebr azhornimin e rrjetit 5G. Gjenerali, James Jomes, dhe e ngarkuara me pun\u00eb e SHBA n\u00eb Tiran\u00eb, evidentojn\u00eb faktin se l\u00ebnia n\u00eb dor\u00eb e Kin\u00ebs do t\u00eb jet\u00eb nj\u00eb kart\u00eb m\u00eb shum\u00eb n\u00eb dor\u00ebn e vendit t\u00eb Lindjes. Ndaj ata apelojn\u00eb q\u00eb kjo \u00e7\u00ebshtje t\u00eb trajtohet me kujdes dhe n\u00eb bashk\u00ebpunim me partner\u00ebt.<\/em><\/p>\n<p>Shtetet e Bashkuara t\u00eb Amerik\u00ebs jan\u00eb p\u00ebrfshir\u00eb direkt n\u00eb debatin p\u00ebr nd\u00ebrtimin e rrjetit 5G n\u00eb Shqip\u00ebri, \u00a0duke apeluar vendin an\u00ebtar t\u00eb NATO-s t\u00eb tregohet i kujdessh\u00ebm.<\/p>\n<p>N\u00eb konferenc\u00ebn me tem\u00eb &#8220;Sfidat e siguris\u00eb s\u00eb NATO-s p\u00ebrball\u00eb teknologjis\u00eb\u201d, apeli erdhi direkt nga gjenerali amerikan, James Jomes, i cili tha se \u00ebsht\u00eb n\u00eb dor\u00eb t\u00eb Shqip\u00ebris\u00eb p\u00ebr t\u00eb vendosur se kujt do ia besoj\u00eb k\u00ebt\u00eb projekt, duke evidentuar faktin se Kina ka q\u00ebllimet e saj strategjike.<\/p>\n<p><em>\u201cNd\u00ebrkoh\u00eb q\u00eb Shqip\u00ebria p\u00ebrgatitet p\u00ebr t\u00eb azhornuar rrjetet e saj n\u00eb 5G vitin e ardhsh\u00ebm \u00ebsht\u00eb e detyrueshme q\u00eb lider\u00ebt e saj t\u00eb vendosin se kujt do ti besojn\u00eb. Shqip\u00ebria duhet t\u00eb mbetet nj\u00eb an\u00ebtare aktive dhe e angazhuar e NATO-s. Shqip\u00ebria duhet t\u00eb jet\u00eb e sigurt t\u00eb bashkohet me 5G me ata q\u00eb ka vendosur NATO-s. T\u00eb gjitha k\u00ebto teknologji dhe zhvillime dixhitale q\u00eb ka Kina, i japin asaj n\u00eb dor\u00eb nj\u00eb lak shum\u00eb t\u00eb fuqish\u00ebm ku 5G mund t\u00eb sh\u00ebrbej\u00eb si kolona e pest\u00eb\u201d.<\/em><\/p>\n<p>M\u00eb konkrete ishte e ngarkuara me pun\u00eb e Shteteve t\u00eb Bashkuara t\u00eb Amerik\u00ebs, e cila p\u00ebrs\u00ebriti q\u00eb \u00a0Kina dhe vendet e tjera e kan\u00eb t\u00eb qart\u00eb q\u00eb disa gj\u00ebra nuk jan\u00eb n\u00eb shitje n\u00eb Shqip\u00ebri.<\/p>\n<p><em>&#8220;E kam th\u00ebn\u00eb q\u00eb Shqip\u00ebria e ka deklaruar se disa gj\u00ebra nuk jan\u00eb p\u00ebr shitje. Liria nuk \u00ebsht\u00eb p\u00ebr shitje, sigurisht q\u00eb e vler\u00ebsoj shum\u00eb&#8221; tha ajo.<\/em><\/p>\n<p>Garancin\u00eb p\u00ebr k\u00ebt\u00eb gj\u00eb e ka dh\u00ebn\u00eb Fatmir Mediu n\u00eb cil\u00ebsin\u00eb edhe t\u00eb organizatorit t\u00eb k\u00ebtij m\u00ebngjesi pune.<\/p>\n<p><em>&#8220;Shqip\u00ebria do t\u00eb jet\u00eb nj\u00eb nga vendet e para q\u00eb do t\u00eb firmos\u00eb memorandumin e bashk\u00ebpunimit p\u00ebr rrjetin 5G&#8221; tha ai.<\/em><\/p>\n<p>I pranish\u00ebm, kryeparlamentari Ru\u00e7i iu rikthye edhe nj\u00ebher\u00eb vendimit p\u00ebr moshapjen e negociatave, nd\u00ebrsa qasja skeptike e BE-s\u00eb sipas tij d\u00ebmton Unionin dhe NATO-n.<\/p>\n<p>Kompania kineze Hawaei e p\u00ebrfolur si implementuesja e rrjeti 5G n\u00eb Shqip\u00ebri ka p\u00ebrg\u00ebnjeshtruar t\u00eb jet\u00eb duke firmosur, nd\u00ebrkoh\u00eb nj\u00eb marr\u00ebveshje p\u00ebr shtrimin e rrjetit 5G n\u00eb Shqip\u00ebri.<\/p>","protected":false},"excerpt":{"rendered":"<p>SHBA k\u00ebrkon nga Shqip\u00ebria q\u00eb t\u00eb ket\u00eb kujdes n\u00eb dh\u00ebnien e s\u00eb drejt\u00ebs p\u00ebr azhornimin e rrjetit 5G. Gjenerali, James Jomes, dhe e ngarkuara me pun\u00eb e SHBA n\u00eb Tiran\u00eb, evidentojn\u00eb faktin se l\u00ebnia n\u00eb dor\u00eb e Kin\u00ebs do t\u00eb jet\u00eb nj\u00eb kart\u00eb m\u00eb shum\u00eb n\u00eb dor\u00ebn e vendit t\u00eb Lindjes. Ndaj ata apelojn\u00eb q\u00eb [&hellip;]<\/p>\n","protected":false},"author":2013,"featured_media":67141,"comment_status":"open","ping_status":"closed","sticky":false,"template":"","format":"standard","meta":{"footnotes":""},"categories":[241,235],"tags":[],"class_list":{"0":"post-114358","1":"post","2":"type-post","3":"status-publish","4":"format-standard","5":"has-post-thumbnail","7":"category-aktualitet","8":"category-vendi"},"_links":{"self":[{"href":"https:\/\/zjarr.tv\/en\/wp-json\/wp\/v2\/posts\/114358","targetHints":{"allow":["GET"]}}],"collection":[{"href":"https:\/\/zjarr.tv\/en\/wp-json\/wp\/v2\/posts"}],"about":[{"href":"https:\/\/zjarr.tv\/en\/wp-json\/wp\/v2\/types\/post"}],"author":[{"embeddable":true,"href":"https:\/\/zjarr.tv\/en\/wp-json\/wp\/v2\/users\/2013"}],"replies":[{"embeddable":true,"href":"https:\/\/zjarr.tv\/en\/wp-json\/wp\/v2\/comments?post=114358"}],"version-history":[{"count":0,"href":"https:\/\/zjarr.tv\/en\/wp-json\/wp\/v2\/posts\/114358\/revisions"}],"wp:featuredmedia":[{"embeddable":true,"href":"https:\/\/zjarr.tv\/en\/wp-json\/wp\/v2\/media\/67141"}],"wp:attachment":[{"href":"https:\/\/zjarr.tv\/en\/wp-json\/wp\/v2\/media?parent=114358"}],"wp:term":[{"taxonomy":"category","embeddable":true,"href":"https:\/\/zjarr.tv\/en\/wp-json\/wp\/v2\/categories?post=114358"},{"taxonomy":"post_tag","embeddable":true,"href":"https:\/\/zjarr.tv\/en\/wp-json\/wp\/v2\/tags?post=114358"}],"curies":[{"name":"wp","href":"https:\/\/api.w.org\/{rel}","templated":true}]}}