{"id":114362,"date":"2019-11-18T18:00:46","date_gmt":"2019-11-18T17:00:46","guid":{"rendered":"https:\/\/zjarr.tv\/?p=114362"},"modified":"2019-11-18T13:40:16","modified_gmt":"2019-11-18T12:40:16","slug":"mori-50-000-euro-per-lirimin-e-vrasesit-lihet-ne-burg-juristja","status":"publish","type":"post","link":"https:\/\/zjarr.tv\/en\/mori-50-000-euro-per-lirimin-e-vrasesit-lihet-ne-burg-juristja\/","title":{"rendered":"Mori 50.000 euro p\u00ebr lirimin e vras\u00ebsit, lihet n\u00eb burg &#8220;juristja&#8221;"},"content":{"rendered":"<p>Gjykata ka dh\u00ebn\u00eb mas\u00ebn \u201carrest me burg\u201d p\u00ebr Amarilda Lek\u00ebn. 33-vje\u00e7arja u hoq si juriste dhe mori 50.000 euro p\u00ebr lirimin e nj\u00eb personi t\u00eb d\u00ebnuar p\u00ebr vrasje.<\/p>\n<p>Amarilda Leka u arrestua\u00a0n\u00eb Tiran\u00eb m\u00eb 15 n\u00ebntor.<\/p>\n<p>Ajo akuzohet se duke u hequr si juriste mashtroi nj\u00eb qytetar n\u00eb Tepelen\u00eb duke i marr\u00eb 50.000 euro.<\/p>\n<p>33-vje\u00e7arja i ka th\u00ebn\u00eb shtetasit me iniciale B. Z., se me njohjet q\u00eb kishte do t\u00eb ndikonte pran\u00eb trup\u00ebs gjykuese n\u00eb Gjykat\u00ebn e Apelit p\u00ebr Krimet e R\u00ebnda Tiran\u00eb dhe n\u00eb Gjykat\u00ebn e Lart\u00eb p\u00ebr t\u00eb nxjerr\u00eb nga burgu shtetasin me iniciale A. M., i d\u00ebnuar me 30 vjet heqje lirie, p\u00ebr nj\u00eb vrasje n\u00eb rrethana r\u00ebnduese q\u00eb kishte kryer n\u00eb Memaliaj, n\u00eb vitin 2015.<\/p>\n<p>Ndaj saj r\u00ebndon akuza p\u00ebr vepr\u00ebn penale \u201cMashtrimi me pasoja t\u00eb renda&#8221;.<\/p>","protected":false},"excerpt":{"rendered":"<p>Gjykata ka dh\u00ebn\u00eb mas\u00ebn \u201carrest me burg\u201d p\u00ebr Amarilda Lek\u00ebn. 33-vje\u00e7arja u hoq si juriste dhe mori 50.000 euro p\u00ebr lirimin e nj\u00eb personi t\u00eb d\u00ebnuar p\u00ebr vrasje. Amarilda Leka u arrestua\u00a0n\u00eb Tiran\u00eb m\u00eb 15 n\u00ebntor. Ajo akuzohet se duke u hequr si juriste mashtroi nj\u00eb qytetar n\u00eb Tepelen\u00eb duke i marr\u00eb 50.000 euro. 33-vje\u00e7arja [&hellip;]<\/p>\n","protected":false},"author":2013,"featured_media":114363,"comment_status":"open","ping_status":"closed","sticky":false,"template":"","format":"standard","meta":{"footnotes":""},"categories":[241,235],"tags":[],"class_list":{"0":"post-114362","1":"post","2":"type-post","3":"status-publish","4":"format-standard","5":"has-post-thumbnail","7":"category-aktualitet","8":"category-vendi"},"_links":{"self":[{"href":"https:\/\/zjarr.tv\/en\/wp-json\/wp\/v2\/posts\/114362","targetHints":{"allow":["GET"]}}],"collection":[{"href":"https:\/\/zjarr.tv\/en\/wp-json\/wp\/v2\/posts"}],"about":[{"href":"https:\/\/zjarr.tv\/en\/wp-json\/wp\/v2\/types\/post"}],"author":[{"embeddable":true,"href":"https:\/\/zjarr.tv\/en\/wp-json\/wp\/v2\/users\/2013"}],"replies":[{"embeddable":true,"href":"https:\/\/zjarr.tv\/en\/wp-json\/wp\/v2\/comments?post=114362"}],"version-history":[{"count":0,"href":"https:\/\/zjarr.tv\/en\/wp-json\/wp\/v2\/posts\/114362\/revisions"}],"wp:featuredmedia":[{"embeddable":true,"href":"https:\/\/zjarr.tv\/en\/wp-json\/wp\/v2\/media\/114363"}],"wp:attachment":[{"href":"https:\/\/zjarr.tv\/en\/wp-json\/wp\/v2\/media?parent=114362"}],"wp:term":[{"taxonomy":"category","embeddable":true,"href":"https:\/\/zjarr.tv\/en\/wp-json\/wp\/v2\/categories?post=114362"},{"taxonomy":"post_tag","embeddable":true,"href":"https:\/\/zjarr.tv\/en\/wp-json\/wp\/v2\/tags?post=114362"}],"curies":[{"name":"wp","href":"https:\/\/api.w.org\/{rel}","templated":true}]}}