{"id":114370,"date":"2019-11-18T13:42:40","date_gmt":"2019-11-18T12:42:40","guid":{"rendered":"https:\/\/zjarr.tv\/?p=114370"},"modified":"2019-11-18T13:42:40","modified_gmt":"2019-11-18T12:42:40","slug":"peqin-32-vjecari-i-dehur-godet-mjekun","status":"publish","type":"post","link":"https:\/\/zjarr.tv\/en\/peqin-32-vjecari-i-dehur-godet-mjekun\/","title":{"rendered":"Peqin, 32-vje\u00e7ari i dehur godet mjekun"},"content":{"rendered":"<p>Nj\u00eb 32-vje\u00e7ar \u00ebsht\u00eb paraqitur n\u00eb spitalin e Peqinit n\u00eb gjendje t\u00eb dehur dhe ka dhunuar mjekun.<\/p>\n<p>I riu me iniciale A. K., goditi p\u00ebr shkak t\u00eb detyr\u00ebs mjekun me iniciale Y. T.<\/p>\n<p><em>\u201cShtetasi A. K., 32 vje\u00e7, banues n\u00eb Peqin ka shkuar n\u00eb spitalin e Peqinit dhe n\u00ebn efektin e alkoolit ka goditur p\u00ebr shkak t\u00eb detyr\u00ebs mjekun Y. T.,\u201d<\/em>-informon policia.<\/p>\n<p>Pas marrjes s\u00eb njoftimit uniformat blu t\u00eb Peqinit \u00a0kan\u00eb shkuar menj\u00ebher\u00eb n\u00eb vendngjarje, ku kan\u00eb b\u00ebr\u00eb kapjen dhe arrestimin e autorit.<\/p>\n<p>Materialet hetimore i kaluan Prokuroris\u00eb pran\u00eb Gjykat\u00ebs s\u00eb Shkall\u00ebs s\u00eb Par\u00eb Elbasan, p\u00ebr veprime t\u00eb m\u00ebtejshme.<\/p>","protected":false},"excerpt":{"rendered":"<p>Nj\u00eb 32-vje\u00e7ar \u00ebsht\u00eb paraqitur n\u00eb spitalin e Peqinit n\u00eb gjendje t\u00eb dehur dhe ka dhunuar mjekun. I riu me iniciale A. K., goditi p\u00ebr shkak t\u00eb detyr\u00ebs mjekun me iniciale Y. T. \u201cShtetasi A. K., 32 vje\u00e7, banues n\u00eb Peqin ka shkuar n\u00eb spitalin e Peqinit dhe n\u00ebn efektin e alkoolit ka goditur p\u00ebr shkak [&hellip;]<\/p>\n","protected":false},"author":2013,"featured_media":114371,"comment_status":"open","ping_status":"closed","sticky":false,"template":"","format":"standard","meta":{"footnotes":""},"categories":[241,235],"tags":[],"class_list":{"0":"post-114370","1":"post","2":"type-post","3":"status-publish","4":"format-standard","5":"has-post-thumbnail","7":"category-aktualitet","8":"category-vendi"},"_links":{"self":[{"href":"https:\/\/zjarr.tv\/en\/wp-json\/wp\/v2\/posts\/114370","targetHints":{"allow":["GET"]}}],"collection":[{"href":"https:\/\/zjarr.tv\/en\/wp-json\/wp\/v2\/posts"}],"about":[{"href":"https:\/\/zjarr.tv\/en\/wp-json\/wp\/v2\/types\/post"}],"author":[{"embeddable":true,"href":"https:\/\/zjarr.tv\/en\/wp-json\/wp\/v2\/users\/2013"}],"replies":[{"embeddable":true,"href":"https:\/\/zjarr.tv\/en\/wp-json\/wp\/v2\/comments?post=114370"}],"version-history":[{"count":0,"href":"https:\/\/zjarr.tv\/en\/wp-json\/wp\/v2\/posts\/114370\/revisions"}],"wp:featuredmedia":[{"embeddable":true,"href":"https:\/\/zjarr.tv\/en\/wp-json\/wp\/v2\/media\/114371"}],"wp:attachment":[{"href":"https:\/\/zjarr.tv\/en\/wp-json\/wp\/v2\/media?parent=114370"}],"wp:term":[{"taxonomy":"category","embeddable":true,"href":"https:\/\/zjarr.tv\/en\/wp-json\/wp\/v2\/categories?post=114370"},{"taxonomy":"post_tag","embeddable":true,"href":"https:\/\/zjarr.tv\/en\/wp-json\/wp\/v2\/tags?post=114370"}],"curies":[{"name":"wp","href":"https:\/\/api.w.org\/{rel}","templated":true}]}}