{"id":114375,"date":"2019-11-18T14:09:08","date_gmt":"2019-11-18T13:09:08","guid":{"rendered":"https:\/\/zjarr.tv\/?p=114375"},"modified":"2019-11-18T14:09:08","modified_gmt":"2019-11-18T13:09:08","slug":"basha-u-shpjegon-fermereve-pse-nuk-subvencionohen-se-rama-jep-300-milione-euro-per-17-km-rruge","status":"publish","type":"post","link":"https:\/\/zjarr.tv\/en\/basha-u-shpjegon-fermereve-pse-nuk-subvencionohen-se-rama-jep-300-milione-euro-per-17-km-rruge\/","title":{"rendered":"Basha u shpjegon fermer\u00ebve pse nuk subvencionohen: Se Rama jep 300 milion\u00eb euro p\u00ebr 17 km rrug\u00eb!"},"content":{"rendered":"<p>Kryetari i opozit\u00ebs Lulzim Basha ua ka shpjeguar me shifra t\u00eb qarta, fermer\u00ebve t\u00eb Lezh\u00ebs se ku shkojn\u00eb parat\u00eb e shtetit q\u00eb nuk jepen p\u00ebr t\u2019i subvencionuar ata dhe kategorit\u00eb e tjera.<\/p>\n<p>\u201cKu shkojn\u00eb parat\u00eb?! Ju e dini ku shkojn\u00eb k\u00ebto para! 300 milion\u00eb euro Milot-Balldren shkojn\u00eb k\u00ebto para. P\u00ebr 17 km! As n\u00eb Japoni nuk nd\u00ebrtohet me k\u00ebto \u00e7mime, ku nd\u00ebrtohet \u00e7do centimet\u00ebr kund\u00ebr t\u00ebrmeteve. E dini se \u00ebsht\u00eb nj\u00eb zon\u00eb shum\u00eb m\u00eb tektonike sesa rajoni yn\u00eb dhe t\u00eb bot\u00ebs dhe nj\u00eb nga ekonomit\u00eb m\u00eb t\u00eb shtrenjta t\u00eb bot\u00ebs, me \u00e7mimin m\u00eb t\u00eb lart\u00eb.<\/p>\n<p>300 milion\u00eb euro p\u00ebr 17 km!<\/p>\n<p>Bashk\u00eb me daj\u00ebn e vet, q\u00eb b\u00ebn Rrug\u00ebn e Arbrit dhe i kan\u00eb dh\u00ebn\u00eb 200 milion\u00eb euro mbi kontrat\u00ebn, t\u00eb dy bashk\u00eb daj\u00eb e nip marrin gjysm\u00eb miliardi euro. Daj\u00eb e nip gjysm\u00eb milion euro. 500 milion\u00eb euro, as mund t\u2019i imagjinoni. 1 milion\u00eb nga 500 euro! Daj\u00eb e nip! Prandaj s\u2019ka para p\u00ebr t\u00eb mb\u00ebshtetur fermer\u00ebt dhe taksat sa vijn\u00eb e rriten.<\/p>","protected":false},"excerpt":{"rendered":"<p>Kryetari i opozit\u00ebs Lulzim Basha ua ka shpjeguar me shifra t\u00eb qarta, fermer\u00ebve t\u00eb Lezh\u00ebs se ku shkojn\u00eb parat\u00eb e shtetit q\u00eb nuk jepen p\u00ebr t\u2019i subvencionuar ata dhe kategorit\u00eb e tjera. \u201cKu shkojn\u00eb parat\u00eb?! Ju e dini ku shkojn\u00eb k\u00ebto para! 300 milion\u00eb euro Milot-Balldren shkojn\u00eb k\u00ebto para. P\u00ebr 17 km! As n\u00eb Japoni [&hellip;]<\/p>\n","protected":false},"author":2013,"featured_media":114418,"comment_status":"open","ping_status":"closed","sticky":false,"template":"","format":"standard","meta":{"footnotes":""},"categories":[241,235],"tags":[],"class_list":{"0":"post-114375","1":"post","2":"type-post","3":"status-publish","4":"format-standard","5":"has-post-thumbnail","7":"category-aktualitet","8":"category-vendi"},"_links":{"self":[{"href":"https:\/\/zjarr.tv\/en\/wp-json\/wp\/v2\/posts\/114375","targetHints":{"allow":["GET"]}}],"collection":[{"href":"https:\/\/zjarr.tv\/en\/wp-json\/wp\/v2\/posts"}],"about":[{"href":"https:\/\/zjarr.tv\/en\/wp-json\/wp\/v2\/types\/post"}],"author":[{"embeddable":true,"href":"https:\/\/zjarr.tv\/en\/wp-json\/wp\/v2\/users\/2013"}],"replies":[{"embeddable":true,"href":"https:\/\/zjarr.tv\/en\/wp-json\/wp\/v2\/comments?post=114375"}],"version-history":[{"count":0,"href":"https:\/\/zjarr.tv\/en\/wp-json\/wp\/v2\/posts\/114375\/revisions"}],"wp:featuredmedia":[{"embeddable":true,"href":"https:\/\/zjarr.tv\/en\/wp-json\/wp\/v2\/media\/114418"}],"wp:attachment":[{"href":"https:\/\/zjarr.tv\/en\/wp-json\/wp\/v2\/media?parent=114375"}],"wp:term":[{"taxonomy":"category","embeddable":true,"href":"https:\/\/zjarr.tv\/en\/wp-json\/wp\/v2\/categories?post=114375"},{"taxonomy":"post_tag","embeddable":true,"href":"https:\/\/zjarr.tv\/en\/wp-json\/wp\/v2\/tags?post=114375"}],"curies":[{"name":"wp","href":"https:\/\/api.w.org\/{rel}","templated":true}]}}