{"id":114379,"date":"2019-11-18T18:20:02","date_gmt":"2019-11-18T17:20:02","guid":{"rendered":"https:\/\/zjarr.tv\/?p=114379"},"modified":"2019-11-18T13:45:32","modified_gmt":"2019-11-18T12:45:32","slug":"thaci-po-perjetojme-kohera-te-veshtira-mos-heshtni","status":"publish","type":"post","link":"https:\/\/zjarr.tv\/en\/thaci-po-perjetojme-kohera-te-veshtira-mos-heshtni\/","title":{"rendered":"Tha\u00e7i: Po p\u00ebrjetojm\u00eb koh\u00ebra t\u00eb v\u00ebshtira, mos heshtni"},"content":{"rendered":"<p>Presidenti i Kosov\u00ebs, Hashim Tha\u00e7i nga konferenca \u201cFeja si instrument p\u00ebr paqen\u201d e mbajtur n\u00eb Tiran\u00eb, \u00ebsht\u00eb shprehur se shoq\u00ebria po p\u00ebrjeton koh\u00ebra t\u00eb v\u00ebshtira dhe asnj\u00eb nuk ka t\u00eb drejt\u00eb t\u00eb hesht\u00eb.<\/p>\n<p>Kreu i shteti kosovar tha se t\u00eb gjith\u00eb duhet t\u00eb shfaqin idet\u00eb e veta p\u00ebr rr\u00ebmuj\u00ebn politike dhe historike t\u00eb krijuar.<\/p>\n<p><strong>Hashim Tha\u00e7i:<\/strong>\u00a0<em>\u201cPo p\u00ebrjetojm\u00eb koh\u00ebra t\u00eb v\u00ebshtira, problematike, sfiduese dhe asnj\u00ebri prej nesh nuk ka t\u00eb drejt\u00eb hesht\u00eb, t\u00eb mos shfaq\u00eb idet\u00eb e veta p\u00ebr k\u00ebt\u00eb rr\u00ebmuj\u00eb politike dhe historike, t\u00eb mos k\u00ebrkojm\u00eb me ngulm m\u00ebk\u00ebmbjen e toleranc\u00ebs s\u00eb gjithanshme si vler\u00eb themelore t\u00eb fes\u00eb dhe t\u00eb paqes.\u201d<\/em><\/p>\n<p>Nd\u00ebrsa u shpreh se kombi shqiptar \u00ebsht\u00eb shembull pozitiv i toleranc\u00ebs fetar.<\/p>\n<p>Tha\u00e7i theksoi se kjo vler\u00eb tradicionale duhet t\u00eb ruhet dhe pasurohet \u00e7do dit\u00eb.<\/p>\n<p><strong>Hashim Tha\u00e7i:<\/strong><em>\u00a0\u201cKombi shqiptar n\u00eb k\u00ebt\u00eb aspekt ka dh\u00ebn\u00eb sot e k\u00ebsaj dite dhe jep shembull pozitiv, shum\u00eb t\u00eb mir\u00eb dhe t\u00eb q\u00ebndruesh\u00ebm, shqiptar\u00ebt jan\u00eb t\u00eb besimit mysliman dhe t\u00eb krishter\u00eb, jan\u00eb mysliman\u00eb, katolik\u00eb dhe ortodoks\u00eb por me shum\u00eb mund\u00ebsi ka edhe ateist\u00eb. Por t\u00ebr\u00eb kjo shum\u00eb mund\u00ebsi identitetesh n\u00eb raport me Zotin ka bashk\u00ebpunuar n\u00eb toleranc\u00eb dhe mir\u00ebkuptim q\u00eb \u00ebsht\u00eb nj\u00eb vler\u00eb \u00a0tradicionale nd\u00ebr ne. Duhet t\u00eb ruhet dhe pasurohet \u00e7do dit\u00eb.\u201d<\/em><\/p>","protected":false},"excerpt":{"rendered":"<p>Presidenti i Kosov\u00ebs, Hashim Tha\u00e7i nga konferenca \u201cFeja si instrument p\u00ebr paqen\u201d e mbajtur n\u00eb Tiran\u00eb, \u00ebsht\u00eb shprehur se shoq\u00ebria po p\u00ebrjeton koh\u00ebra t\u00eb v\u00ebshtira dhe asnj\u00eb nuk ka t\u00eb drejt\u00eb t\u00eb hesht\u00eb. Kreu i shteti kosovar tha se t\u00eb gjith\u00eb duhet t\u00eb shfaqin idet\u00eb e veta p\u00ebr rr\u00ebmuj\u00ebn politike dhe historike t\u00eb krijuar. Hashim [&hellip;]<\/p>\n","protected":false},"author":2013,"featured_media":114380,"comment_status":"open","ping_status":"closed","sticky":false,"template":"","format":"standard","meta":{"footnotes":""},"categories":[241,2],"tags":[],"class_list":{"0":"post-114379","1":"post","2":"type-post","3":"status-publish","4":"format-standard","5":"has-post-thumbnail","7":"category-aktualitet","8":"category-rajoni"},"_links":{"self":[{"href":"https:\/\/zjarr.tv\/en\/wp-json\/wp\/v2\/posts\/114379","targetHints":{"allow":["GET"]}}],"collection":[{"href":"https:\/\/zjarr.tv\/en\/wp-json\/wp\/v2\/posts"}],"about":[{"href":"https:\/\/zjarr.tv\/en\/wp-json\/wp\/v2\/types\/post"}],"author":[{"embeddable":true,"href":"https:\/\/zjarr.tv\/en\/wp-json\/wp\/v2\/users\/2013"}],"replies":[{"embeddable":true,"href":"https:\/\/zjarr.tv\/en\/wp-json\/wp\/v2\/comments?post=114379"}],"version-history":[{"count":0,"href":"https:\/\/zjarr.tv\/en\/wp-json\/wp\/v2\/posts\/114379\/revisions"}],"wp:featuredmedia":[{"embeddable":true,"href":"https:\/\/zjarr.tv\/en\/wp-json\/wp\/v2\/media\/114380"}],"wp:attachment":[{"href":"https:\/\/zjarr.tv\/en\/wp-json\/wp\/v2\/media?parent=114379"}],"wp:term":[{"taxonomy":"category","embeddable":true,"href":"https:\/\/zjarr.tv\/en\/wp-json\/wp\/v2\/categories?post=114379"},{"taxonomy":"post_tag","embeddable":true,"href":"https:\/\/zjarr.tv\/en\/wp-json\/wp\/v2\/tags?post=114379"}],"curies":[{"name":"wp","href":"https:\/\/api.w.org\/{rel}","templated":true}]}}