{"id":114389,"date":"2019-11-18T18:50:59","date_gmt":"2019-11-18T17:50:59","guid":{"rendered":"https:\/\/zjarr.tv\/?p=114389"},"modified":"2019-11-18T13:47:29","modified_gmt":"2019-11-18T12:47:29","slug":"pervjetori-i-revoltes-studentore-perplasje-me-policine-dhe-mesazhe-kunder-kryeministrit","status":"publish","type":"post","link":"https:\/\/zjarr.tv\/en\/pervjetori-i-revoltes-studentore-perplasje-me-policine-dhe-mesazhe-kunder-kryeministrit\/","title":{"rendered":"P\u00ebrvjetori i revolt\u00ebs studentore, p\u00ebrplasje me policin\u00eb dhe mesazhe kund\u00ebr Kryeministrit"},"content":{"rendered":"<p><em>Athina dhe qytetet m\u00eb t\u00eb m\u00ebdha greke kan\u00eb p\u00ebrkujtuar 46-vjetorin e revolt\u00ebs studentore, q\u00eb do i paraprinte fundit t\u00eb grushtit ushtarak n\u00eb vend. n\u00eb demonstrata nuk munguan p\u00ebrplasjet me policin\u00eb, por edhe mesazhet kund\u00ebr kryeministrit Micotaqis.<\/em><\/p>\n<p>Rreth 30 mij\u00eb qytetar\u00eb grek\u00eb p\u00ebrkujtuan n\u00eb Athin\u00eb 46-vjetorin e revolt\u00ebs studentore kund\u00ebr grushtit ushtarak.<\/p>\n<p>Ngjarja q\u00eb p\u00ebr popullin grek simbolizon p\u00ebrpjekjet p\u00ebr liri dhe demokraci, i referohet protest\u00ebs n\u00eb Politeknikun e Athin\u00ebs n\u00eb vitin 1973, ku 24 student\u00eb do t\u00eb vriteshin n\u00eb universitet nga ushtria.<\/p>\n<p>Prej asaj kohe, forcat e rendit nuk lejohet t\u00eb hyjn\u00eb n\u00eb ambientet universitare t\u00eb vendit.<\/p>\n<p>Por gjat\u00eb marshimit n\u00eb kryeqytet dhe n\u00eb qytetet e m\u00ebdha greke, demonstruesit kritikuan kryeministrin Qirjakos Micotaqis p\u00ebr nism\u00ebn ligjore q\u00eb e kthen pas k\u00ebt\u00eb dispozit\u00eb historike dhe lejon futjen e policis\u00eb n\u00eb shkollat e larta p\u00ebr t\u00eb forcuar rendin publik.<\/p>\n<p>Ligji gjithashtu d\u00ebnon deri n\u00eb 10 vite burg personat q\u00eb hedhin bomba molotov n\u00eb protesta.<\/p>\n<p>&#8220;Trysnia e qeveris\u00eb k\u00ebto jav\u00ebt e fundit po v\u00eb n\u00eb pik\u00ebpyetje t\u00eb drejtat themelore t\u00eb student\u00ebve, t\u00eb arsimimit dhe t\u00eb liris\u00eb,&#8221; deklaron nj\u00eb student.<\/p>\n<p>&#8220;Sikurse n\u00eb t\u00eb kaluar\u00ebn, student\u00ebt do i rezistojn\u00eb politikave autokratike. Ne do ndjekim shembull si ata para nesh, edhe pse n\u00eb nj\u00eb sken\u00eb politike krejt\u00ebsisht ndryshe dhe neoliberale,&#8221; shprehet nj\u00eb tjet\u00ebr studente.<\/p>\n<p>T\u00eb diel\u00ebn, demonstratat qytetare u zhvilluan brenda kordon\u00ebve t\u00eb mij\u00ebra trupave t\u00eb policis\u00eb.<\/p>\n<p>28 persona u arrestuan n\u00eb Athin\u00eb p\u00ebr sulme kund\u00ebr forcave t\u00eb rendit dhe p\u00ebr tentativa p\u00ebr veprime t\u00eb kund\u00ebrligjshme.<\/p>\n<p><img decoding=\"async\" class=\"fr-fic fr-dib\" src=\"https:\/\/www.oranews.tv\/storage\/app\/media\/home\/ora\/public_html\/storage\/app\/media\/2019\/11\/18\/polytexneio-poreia.jpg\" data-result=\"success\" \/><\/p>","protected":false},"excerpt":{"rendered":"<p>Athina dhe qytetet m\u00eb t\u00eb m\u00ebdha greke kan\u00eb p\u00ebrkujtuar 46-vjetorin e revolt\u00ebs studentore, q\u00eb do i paraprinte fundit t\u00eb grushtit ushtarak n\u00eb vend. n\u00eb demonstrata nuk munguan p\u00ebrplasjet me policin\u00eb, por edhe mesazhet kund\u00ebr kryeministrit Micotaqis. Rreth 30 mij\u00eb qytetar\u00eb grek\u00eb p\u00ebrkujtuan n\u00eb Athin\u00eb 46-vjetorin e revolt\u00ebs studentore kund\u00ebr grushtit ushtarak. Ngjarja q\u00eb p\u00ebr popullin [&hellip;]<\/p>\n","protected":false},"author":2013,"featured_media":114390,"comment_status":"open","ping_status":"closed","sticky":false,"template":"","format":"standard","meta":{"footnotes":""},"categories":[241,2],"tags":[],"class_list":{"0":"post-114389","1":"post","2":"type-post","3":"status-publish","4":"format-standard","5":"has-post-thumbnail","7":"category-aktualitet","8":"category-rajoni"},"_links":{"self":[{"href":"https:\/\/zjarr.tv\/en\/wp-json\/wp\/v2\/posts\/114389","targetHints":{"allow":["GET"]}}],"collection":[{"href":"https:\/\/zjarr.tv\/en\/wp-json\/wp\/v2\/posts"}],"about":[{"href":"https:\/\/zjarr.tv\/en\/wp-json\/wp\/v2\/types\/post"}],"author":[{"embeddable":true,"href":"https:\/\/zjarr.tv\/en\/wp-json\/wp\/v2\/users\/2013"}],"replies":[{"embeddable":true,"href":"https:\/\/zjarr.tv\/en\/wp-json\/wp\/v2\/comments?post=114389"}],"version-history":[{"count":0,"href":"https:\/\/zjarr.tv\/en\/wp-json\/wp\/v2\/posts\/114389\/revisions"}],"wp:featuredmedia":[{"embeddable":true,"href":"https:\/\/zjarr.tv\/en\/wp-json\/wp\/v2\/media\/114390"}],"wp:attachment":[{"href":"https:\/\/zjarr.tv\/en\/wp-json\/wp\/v2\/media?parent=114389"}],"wp:term":[{"taxonomy":"category","embeddable":true,"href":"https:\/\/zjarr.tv\/en\/wp-json\/wp\/v2\/categories?post=114389"},{"taxonomy":"post_tag","embeddable":true,"href":"https:\/\/zjarr.tv\/en\/wp-json\/wp\/v2\/tags?post=114389"}],"curies":[{"name":"wp","href":"https:\/\/api.w.org\/{rel}","templated":true}]}}