{"id":114392,"date":"2019-11-18T19:00:40","date_gmt":"2019-11-18T18:00:40","guid":{"rendered":"https:\/\/zjarr.tv\/?p=114392"},"modified":"2019-11-18T13:48:18","modified_gmt":"2019-11-18T12:48:18","slug":"pakt-per-krimin-shqiptaret-e-rumunet-menaxhojne-pr-ost-itu-cio-nin-italianet-drogen","status":"publish","type":"post","link":"https:\/\/zjarr.tv\/en\/pakt-per-krimin-shqiptaret-e-rumunet-menaxhojne-pr-ost-itu-cio-nin-italianet-drogen\/","title":{"rendered":"Pakt p\u00ebr krimin, shqiptar\u00ebt e rumun\u00ebt menaxhojn\u00eb pr.ost.itu.cio.nin, italian\u00ebt drog\u00ebn"},"content":{"rendered":"<p><em>P\u00ebr t\u00eb lul\u00ebzuar aktivitetin e tyre t\u00eb jasht\u00ebligjsh\u00ebm, grupet kriminale t\u00eb huaja mes t\u00eb cil\u00ebve dhe ato shqiptare kan\u00eb arritur marr\u00ebveshje bashk\u00ebjetese t\u00eb paqta me nj\u00ebri-tjetri e me kriminalitetin vendas e mafioz n\u00eb rajonin e Lombardis\u00eb.<\/em><\/p>\n<p>Rajoni i Lombardis\u00eb n\u00eb veri t\u00eb Italis\u00eb konsiderohet nj\u00eb nga territoret m\u00eb josh\u00ebse p\u00ebr trafiqet ilegale dhe aktivitetin kriminal t\u00eb mafias vendase e t\u00eb grupeve kriminale t\u00eb huaja.<\/p>\n<p>N\u00eb k\u00ebt\u00eb zon\u00eb e cila p\u00ebrfshin rreth 10 milion\u00eb banor\u00eb, grupet kriminale shqiptare, rumune nigeriane e ato italiane kan\u00eb arrituar nj\u00eb pakt t\u00eb paqt\u00eb bashk\u00ebjetese p\u00ebr t\u00eb ndar\u00eb aferat fitimprur\u00ebse t\u00eb trafiqeve ilegale e rrjetet e kontakteve nd\u00ebrkomb\u00ebtare.<\/p>\n<p>P\u00ebr t\u00eb p\u00ebrditshmen italiane &#8220;Il Coriere&#8221;, kreu i Drejtoris\u00eb s\u00eb Antimafias s\u00eb Milanos, tenent kolonel Piergiorgio Samaja deklaron se &#8220;tregu i krimit sidomos n\u00eb Milano \u00ebsht\u00eb kaq i gjer\u00eb sa t\u00eb gjith\u00eb b\u00ebjn\u00eb afera fitimprur\u00ebse. Trim\u00ebri, derdhje gjaku e luft\u00eb mes klanesh nuk i intereson askujt.&#8221;<\/p>\n<p>Sipas kreut t\u00eb Antidrog\u00ebs s\u00eb Milanos, grupet kriminale t\u00eb huaja kan\u00eb lidhur mes tyre pakte e marr\u00ebveshje me skema hierkakie q\u00eb mund t\u00eb ndryshojn\u00eb.<\/p>\n<p>Grupet kriminale shqiptare q\u00eb b\u00ebhen gjithnj\u00eb e m\u00eb agresive kan\u00eb lidhur nj\u00eb pakt &#8220;joint veture&#8221; me grupet kriminale rumune p\u00ebr menaxhimin e biznesit t\u00eb prostitucionit.<\/p>\n<p>N\u00eb rrug\u00ebt e Milanos, ku k\u00ebrkesa \u00ebsht\u00eb dhe m\u00eb e lart\u00eb, bashk\u00ebjetojn\u00eb qet\u00ebsisht n\u00eb rrug\u00eb prostituta si nga Europa lindore ashtu dhe ato afrikane, nd\u00ebrsa n\u00eb qyteza e komuna t\u00eb vogla prostitucioni orientohet n\u00eb q\u00ebndrat estetike e masazhesh, t\u00eb hapura nga kinez\u00ebt.<\/p>\n<p>Nd\u00ebrsa p\u00ebr trafikun e drog\u00ebs jan\u00eb grupet kriminale italiane q\u00eb kan\u00eb krijuar aleanca bashk\u00ebpunimi me ato t\u00eb huaja.<\/p>\n<p>Ato veprojn\u00eb n\u00eb nj\u00eb struktur\u00eb organizative e p\u00ebrb\u00ebr\u00eb nga nj\u00eb ushtri e t\u00ebr\u00eb korrier\u00ebsh e shp\u00ebrndar\u00ebs droge nga hallka m\u00eb e vog\u00ebl deri n\u00eb furnizuesit e m\u00ebdhenj.<\/p>\n<p>Jo rrall\u00eb n\u00eb k\u00ebt\u00eb territor jan\u00eb regjisturar dhe episode atentatesh vdekjeprur\u00ebse p\u00ebr larje hesapesh mes tyre.<\/p>\n<p>Dy net\u00eb m\u00eb par\u00eb n\u00eb nj\u00eb lokal n\u00eb komun\u00ebn Pioltello n\u00eb af\u00ebrsi t\u00eb Milanos u plagos r\u00ebnd\u00eb me arm\u00eb zjarri nj\u00eb 40 vje\u00e7ar shqiptar. I p\u00ebrfshir\u00eb n\u00eb k\u00ebt\u00eb ngjarje \u00ebsht\u00eb dhe nj\u00eb 45 vje\u00e7ar italian i plagosur leht\u00eb.<\/p>\n<p>Edhe pse ende nuk \u00ebsht\u00eb zbardhur motivi i k\u00ebtij episodi t\u00eb dhunsh\u00ebm, burime mediatike italaine informojn\u00eb p\u00ebr nj\u00eb larje hesapesh droge.<\/p>\n<p>Por p\u00ebr Antimafian e Lombardis\u00eb, grupet kriminale t\u00eb huaja p\u00ebr lul\u00ebzimin e aktivitetit t\u00eb tyre k\u00ebrkojn\u00eb nj\u00eb jet\u00eb t\u00eb paqt\u00eb pa trim\u00ebri e luft\u00eb, me nj\u00eb ndarje territoriale e t\u00eb p\u00ebrcaktuar t\u00eb aktivitetit t\u00eb tyre kriminal.<\/p>\n<p>Shqet\u00ebsues \u00ebsht\u00eb fakti se pas \u00e7do operacioni e val\u00eb arresimesh, &#8220;urshtria&#8221; e korrier\u00ebve t\u00eb drog\u00ebs z\u00ebvend\u00ebsohet me ushtar\u00eb t\u00eb rinj.<\/p>\n<p>K\u00ebrkesa e lart\u00eb p\u00ebr drog\u00eb n\u00eb k\u00ebt\u00eb territor favorizohet dhe nga aeroporti Malpensa i Milanos, nj\u00eb &#8220;udh\u00ebkryq i k\u00ebtij trafiku&#8221;.<\/p>\n<p>N\u00eb raportet e Antimafias italiane shfaqet gjithnj\u00eb e m\u00eb shum\u00eb si shqet\u00ebsim n\u00eb Lombardi, fenomeni i penetrimit t\u00eb mafiave italiane n\u00eb sistemin e sip\u00ebrmarrjes territoriale.<\/p>\n<p>Drejtoria e Antimafias Lombarde me shtrirje nga Breshia n\u00eb Milano ka rreth 85 operator\u00eb interforce t\u00eb specializuar n\u00eb investigimet e analizimin e krimit t\u00eb organizuar.<\/p>","protected":false},"excerpt":{"rendered":"<p>P\u00ebr t\u00eb lul\u00ebzuar aktivitetin e tyre t\u00eb jasht\u00ebligjsh\u00ebm, grupet kriminale t\u00eb huaja mes t\u00eb cil\u00ebve dhe ato shqiptare kan\u00eb arritur marr\u00ebveshje bashk\u00ebjetese t\u00eb paqta me nj\u00ebri-tjetri e me kriminalitetin vendas e mafioz n\u00eb rajonin e Lombardis\u00eb. Rajoni i Lombardis\u00eb n\u00eb veri t\u00eb Italis\u00eb konsiderohet nj\u00eb nga territoret m\u00eb josh\u00ebse p\u00ebr trafiqet ilegale dhe aktivitetin kriminal [&hellip;]<\/p>\n","protected":false},"author":2013,"featured_media":114393,"comment_status":"open","ping_status":"closed","sticky":false,"template":"","format":"standard","meta":{"footnotes":""},"categories":[241,2],"tags":[],"class_list":{"0":"post-114392","1":"post","2":"type-post","3":"status-publish","4":"format-standard","5":"has-post-thumbnail","7":"category-aktualitet","8":"category-rajoni"},"_links":{"self":[{"href":"https:\/\/zjarr.tv\/en\/wp-json\/wp\/v2\/posts\/114392","targetHints":{"allow":["GET"]}}],"collection":[{"href":"https:\/\/zjarr.tv\/en\/wp-json\/wp\/v2\/posts"}],"about":[{"href":"https:\/\/zjarr.tv\/en\/wp-json\/wp\/v2\/types\/post"}],"author":[{"embeddable":true,"href":"https:\/\/zjarr.tv\/en\/wp-json\/wp\/v2\/users\/2013"}],"replies":[{"embeddable":true,"href":"https:\/\/zjarr.tv\/en\/wp-json\/wp\/v2\/comments?post=114392"}],"version-history":[{"count":0,"href":"https:\/\/zjarr.tv\/en\/wp-json\/wp\/v2\/posts\/114392\/revisions"}],"wp:featuredmedia":[{"embeddable":true,"href":"https:\/\/zjarr.tv\/en\/wp-json\/wp\/v2\/media\/114393"}],"wp:attachment":[{"href":"https:\/\/zjarr.tv\/en\/wp-json\/wp\/v2\/media?parent=114392"}],"wp:term":[{"taxonomy":"category","embeddable":true,"href":"https:\/\/zjarr.tv\/en\/wp-json\/wp\/v2\/categories?post=114392"},{"taxonomy":"post_tag","embeddable":true,"href":"https:\/\/zjarr.tv\/en\/wp-json\/wp\/v2\/tags?post=114392"}],"curies":[{"name":"wp","href":"https:\/\/api.w.org\/{rel}","templated":true}]}}