{"id":114395,"date":"2019-11-18T19:10:36","date_gmt":"2019-11-18T18:10:36","guid":{"rendered":"https:\/\/zjarr.tv\/?p=114395"},"modified":"2019-11-18T13:49:01","modified_gmt":"2019-11-18T12:49:01","slug":"politikaneve-australiane-u-ndalohet-hyrja-ne-kine","status":"publish","type":"post","link":"https:\/\/zjarr.tv\/en\/politikaneve-australiane-u-ndalohet-hyrja-ne-kine\/","title":{"rendered":"Politikan\u00ebve australian\u00eb u ndalohet hyrja n\u00eb Kin\u00eb"},"content":{"rendered":"<p>Dy politikan\u00ebve australian\u00eb ju refuzua hyrja n\u00eb Kin\u00eb, pasi nuk pranuan t\u00eb t\u00ebrhiqnin kritikat e tyre p\u00ebr k\u00ebt\u00eb vend.<\/p>\n<p>Andrew Hastie dhe James Paterson, t\u00eb dy an\u00ebtar\u00ebt t\u00eb partis\u00eb n\u00eb pushtet, do shkonin muajin e ardhsh\u00ebm n\u00eb Kin\u00eb p\u00ebr studim.<\/p>\n<p>Por k\u00ebrkesat e tyre p\u00ebr viz\u00eb u refuzuan dhe ambasada kineze tha se mund udh\u00ebtonin vet\u00ebm n\u00ebse pendoheshin v\u00ebrtet p\u00ebr komentet e tyre.<\/p>\n<p>Por t\u00eb dy, Hastie dhe Paterson hodh\u00ebn posht\u00eb k\u00ebrkes\u00ebn.<\/p>\n<p>Politikan\u00ebt konservator\u00eb kan\u00eb qen\u00eb kritik\u00eb t\u00eb hapur t\u00eb Kin\u00ebs, sidomos p\u00ebr t\u00eb drejtat e njeriut dhe nd\u00ebrhyrjen e saj t\u00eb pretenduar n\u00eb politik\u00ebn Australiane.<\/p>\n<p>Nj\u00eb politikani i tret\u00eb q\u00eb do t\u00eb shkonte n\u00eb turne, deputeti i Labor, Matt Keogh, nuk iu refuzua viza, sipas ekspert\u00ebve China Matters.<\/p>\n<p>Ka nj\u00eb debat t\u00eb vazhduesh\u00ebm p\u00ebr ndikimin kinez n\u00eb Australi, ku disa politikan\u00eb akuzojn\u00eb Pekinin se po p\u00ebrpiqet t\u00eb dep\u00ebrtoj\u00eb n\u00eb politik\u00ebn australiane p\u00ebrmes donacioneve.<\/p>\n<p>T\u00eb tjer\u00eb, megjithat\u00eb, besojn\u00eb se akuzat po nxisin ksenofobin\u00eb dhe d\u00ebmtojn\u00eb marr\u00ebdh\u00ebniet midis dy vendeve.<\/p>","protected":false},"excerpt":{"rendered":"<p>Dy politikan\u00ebve australian\u00eb ju refuzua hyrja n\u00eb Kin\u00eb, pasi nuk pranuan t\u00eb t\u00ebrhiqnin kritikat e tyre p\u00ebr k\u00ebt\u00eb vend. Andrew Hastie dhe James Paterson, t\u00eb dy an\u00ebtar\u00ebt t\u00eb partis\u00eb n\u00eb pushtet, do shkonin muajin e ardhsh\u00ebm n\u00eb Kin\u00eb p\u00ebr studim. Por k\u00ebrkesat e tyre p\u00ebr viz\u00eb u refuzuan dhe ambasada kineze tha se mund udh\u00ebtonin [&hellip;]<\/p>\n","protected":false},"author":2013,"featured_media":114396,"comment_status":"open","ping_status":"closed","sticky":false,"template":"","format":"standard","meta":{"footnotes":""},"categories":[241,191],"tags":[],"class_list":{"0":"post-114395","1":"post","2":"type-post","3":"status-publish","4":"format-standard","5":"has-post-thumbnail","7":"category-aktualitet","8":"category-bota"},"_links":{"self":[{"href":"https:\/\/zjarr.tv\/en\/wp-json\/wp\/v2\/posts\/114395","targetHints":{"allow":["GET"]}}],"collection":[{"href":"https:\/\/zjarr.tv\/en\/wp-json\/wp\/v2\/posts"}],"about":[{"href":"https:\/\/zjarr.tv\/en\/wp-json\/wp\/v2\/types\/post"}],"author":[{"embeddable":true,"href":"https:\/\/zjarr.tv\/en\/wp-json\/wp\/v2\/users\/2013"}],"replies":[{"embeddable":true,"href":"https:\/\/zjarr.tv\/en\/wp-json\/wp\/v2\/comments?post=114395"}],"version-history":[{"count":0,"href":"https:\/\/zjarr.tv\/en\/wp-json\/wp\/v2\/posts\/114395\/revisions"}],"wp:featuredmedia":[{"embeddable":true,"href":"https:\/\/zjarr.tv\/en\/wp-json\/wp\/v2\/media\/114396"}],"wp:attachment":[{"href":"https:\/\/zjarr.tv\/en\/wp-json\/wp\/v2\/media?parent=114395"}],"wp:term":[{"taxonomy":"category","embeddable":true,"href":"https:\/\/zjarr.tv\/en\/wp-json\/wp\/v2\/categories?post=114395"},{"taxonomy":"post_tag","embeddable":true,"href":"https:\/\/zjarr.tv\/en\/wp-json\/wp\/v2\/tags?post=114395"}],"curies":[{"name":"wp","href":"https:\/\/api.w.org\/{rel}","templated":true}]}}