{"id":114424,"date":"2019-11-18T14:28:49","date_gmt":"2019-11-18T13:28:49","guid":{"rendered":"https:\/\/zjarr.tv\/?p=114424"},"modified":"2019-11-18T14:28:49","modified_gmt":"2019-11-18T13:28:49","slug":"basha-milot-balldren-afera-e-pare-korruptive-qe-do-te-anuloje-pd","status":"publish","type":"post","link":"https:\/\/zjarr.tv\/en\/basha-milot-balldren-afera-e-pare-korruptive-qe-do-te-anuloje-pd\/","title":{"rendered":"Basha: Milot &#8211; Balldren, afera e par\u00eb korruptive q\u00eb do t\u00eb anuloj\u00eb PD!"},"content":{"rendered":"<p>Kryetari i opozit\u00ebs Lulzim Basha b\u00ebri t\u00eb ditur sot se afera e par\u00eb korruptive q\u00eb PD-ja do t\u00eb anulloj\u00eb sapo t\u00eb marr\u00eb qeverisjen do t\u00eb jet\u00eb koncesioni i 17 km t\u00eb rrug\u00ebs Milot Balldren. E para, po jo e fundit, theksoi Basha para fermer\u00ebve t\u00eb Lezh\u00ebs.<\/p>\n<p>\u201cParat\u00eb q\u00eb duhet t\u00eb vijn\u00eb p\u00ebr t\u00eb mb\u00ebshtetur fermer\u00ebt shkojn\u00eb n\u00eb drejtim tjet\u00ebr. \u00a0Me afera t\u00eb tilla si Milot-Balldreni, 300 milion\u00eb p\u00ebr 17 km, nuk ka p\u00ebr t\u00eb pasur para p\u00ebr fermer\u00ebt as vitin tjet\u00ebr, as pas 10 vjet\u00ebsh.<\/p>\n<div id=\"rekl-28\"><\/div>\n<p>Prandaj ka nj\u00eb zotim q\u00eb \u00ebsht\u00eb mbi \u00e7do zotim tjet\u00ebr \u00a0timin personal dhe t\u00eb Partis\u00eb Demokratike karshi \u00e7do qytetari:<\/p>\n<div id=\"rekl-13\">\n<div id=\"__sap-ad-15\" class=\"__sap-ads __sap-html tracked\" data-title=\"Credins desktop 08\"><ins><\/p>\n<div id=\"beacon_afb6bfdcf5\"><img loading=\"lazy\" decoding=\"async\" src=\"https:\/\/ads1.medium.al\/www\/delivery\/lg.php?bannerid=401&amp;campaignid=56&amp;zoneid=232&amp;loc=https%3A%2F%2Fwww.syri.net%2Fpolitike%2F295229%2Fbasha-milot-balldren-afera-e-pare-korruptive-qe-do-te-anuloje-pd%2F&amp;referer=https%3A%2F%2Fwww.syri.net%2Flajme%2F&amp;cb=afb6bfdcf5\" alt=\"\" width=\"0\" height=\"0\" \/><\/div>\n<p><\/ins><\/div>\n<\/div>\n<p>Anullimi i t\u00eb gjith\u00eb aferave korruptive, q\u00eb nuk meritojn\u00eb t\u00eb quhen koncesione dhe PPP, se jan\u00eb afera t\u00eb pastra hajdut\u00ebrie duke nisur me Milot \u2013 Balldrenin, q\u00eb \u00ebsht\u00eb afera e t\u00eb gjitha aferave p\u00ebr nga p\u00ebrmasat e vjedhjes:\u00a0 17 km, 300 milion\u00eb euro. \u00a0E para q\u00eb do t\u00eb anullohet, por jo e fundit.<\/p>\n<p>Nga e para tek e fundit, t\u00eb gjitha do t\u00eb anulohen n\u00ebse kan\u00eb marr\u00eb para nga Buxheti i Shtetit; k\u00ebto para do t\u00eb gjurmohen dhe t\u2019i kthehen Buxhetit t\u00eb Shtetit, pra do t\u2019i kthehen qytetar\u00ebve.<\/p>\n<p>Pa luftuar, pa sh\u00ebnjestruar korrupsionin q\u00eb e ka degdisur vendin t\u00eb tretin n\u00eb bot\u00eb p\u00ebr korrupsion, nuk kemi mund\u00ebsi ne t\u00eb mb\u00ebshtesim as pensionist\u00ebt, as student\u00ebt, as fermer\u00ebt. \u00a0\u201c<\/p>","protected":false},"excerpt":{"rendered":"<p>Kryetari i opozit\u00ebs Lulzim Basha b\u00ebri t\u00eb ditur sot se afera e par\u00eb korruptive q\u00eb PD-ja do t\u00eb anulloj\u00eb sapo t\u00eb marr\u00eb qeverisjen do t\u00eb jet\u00eb koncesioni i 17 km t\u00eb rrug\u00ebs Milot Balldren. E para, po jo e fundit, theksoi Basha para fermer\u00ebve t\u00eb Lezh\u00ebs. \u201cParat\u00eb q\u00eb duhet t\u00eb vijn\u00eb p\u00ebr t\u00eb mb\u00ebshtetur fermer\u00ebt [&hellip;]<\/p>\n","protected":false},"author":2013,"featured_media":114425,"comment_status":"open","ping_status":"closed","sticky":false,"template":"","format":"standard","meta":{"footnotes":""},"categories":[241,235],"tags":[],"class_list":{"0":"post-114424","1":"post","2":"type-post","3":"status-publish","4":"format-standard","5":"has-post-thumbnail","7":"category-aktualitet","8":"category-vendi"},"_links":{"self":[{"href":"https:\/\/zjarr.tv\/en\/wp-json\/wp\/v2\/posts\/114424","targetHints":{"allow":["GET"]}}],"collection":[{"href":"https:\/\/zjarr.tv\/en\/wp-json\/wp\/v2\/posts"}],"about":[{"href":"https:\/\/zjarr.tv\/en\/wp-json\/wp\/v2\/types\/post"}],"author":[{"embeddable":true,"href":"https:\/\/zjarr.tv\/en\/wp-json\/wp\/v2\/users\/2013"}],"replies":[{"embeddable":true,"href":"https:\/\/zjarr.tv\/en\/wp-json\/wp\/v2\/comments?post=114424"}],"version-history":[{"count":0,"href":"https:\/\/zjarr.tv\/en\/wp-json\/wp\/v2\/posts\/114424\/revisions"}],"wp:featuredmedia":[{"embeddable":true,"href":"https:\/\/zjarr.tv\/en\/wp-json\/wp\/v2\/media\/114425"}],"wp:attachment":[{"href":"https:\/\/zjarr.tv\/en\/wp-json\/wp\/v2\/media?parent=114424"}],"wp:term":[{"taxonomy":"category","embeddable":true,"href":"https:\/\/zjarr.tv\/en\/wp-json\/wp\/v2\/categories?post=114424"},{"taxonomy":"post_tag","embeddable":true,"href":"https:\/\/zjarr.tv\/en\/wp-json\/wp\/v2\/tags?post=114424"}],"curies":[{"name":"wp","href":"https:\/\/api.w.org\/{rel}","templated":true}]}}