{"id":114448,"date":"2019-11-18T17:30:26","date_gmt":"2019-11-18T16:30:26","guid":{"rendered":"https:\/\/zjarr.tv\/?p=114448"},"modified":"2019-11-18T14:47:22","modified_gmt":"2019-11-18T13:47:22","slug":"meta-te-identifikohen-dhe-riatdhesohen-grate-dhe-femijet-e-mbetur-ne-siri","status":"publish","type":"post","link":"https:\/\/zjarr.tv\/en\/meta-te-identifikohen-dhe-riatdhesohen-grate-dhe-femijet-e-mbetur-ne-siri\/","title":{"rendered":"Meta: T\u00eb identifikohen dhe riatdhesohen grat\u00eb dhe f\u00ebmij\u00ebt e mbetur n\u00eb Siri"},"content":{"rendered":"<p>Kreu i Shtetit, Ilir Meta, ka ngritur edhe nj\u00ebher\u00eb shqet\u00ebsimin p\u00ebr shqiptar\u00ebt e mbetur n\u00eb zonat e luft\u00ebs.<\/p>\n<p>Duke folur n\u00eb konferenc\u00ebn \u201cFeja si instrument p\u00ebr paqen\u201d, Meta theksoi domosdoshm\u00ebrin\u00eb e kthimit dhe integrimit t\u00eb personave q\u00eb ndodhen n\u00eb kampet e luft\u00ebs n\u00eb Siri.<\/p>\n<p><strong><em>Ilir Meta:\u00a0<\/em><\/strong><em>T\u00eb gjitha shtetet n\u00eb rajonin ton\u00eb i jan\u00eb bashkuar koalicionit global kund\u00ebr terrorizmit. Por ne duhet t\u00eb sigurojm\u00eb nj\u00eb stabilitet politik n\u00eb gjith\u00eb vendet tona. Sot rajoni yn\u00eb p\u00ebrballet me shum\u00eb sfida t\u00eb p\u00ebrbashk\u00ebta n\u00eb lidhje me kampet n\u00eb Siri n\u00eb cilat gjenden dhjet\u00ebra gra dhe f\u00ebmij\u00eb nga disa prej vendeve tona. I gjith\u00eb opinioni u trondit nga rasti i Alvin Berish\u00ebs, vog\u00eblushi shqiptar q\u00eb mbeti i mbyllur n\u00eb hampin Al-Hol t\u00eb Siris\u00eb. Ka edhe kampe t\u00eb tjera n\u00eb t\u00eb cilat ndodhen dhjet\u00ebra gra dhe f\u00ebmij\u00eb shqiptar\u00eb dhe nga vendet e tjera t\u00eb rajonit ton\u00eb. Duhen ngritur urgjentisht qendrat e rehabilitimit p\u00ebr tu kujdesur dhe siguruar q\u00eb persona t\u00eb till\u00eb t\u00eb riintegrohen n\u00eb shoq\u00ebri dhe t\u00eb rebalitohen \u00a0nga traumat e p\u00ebrjetuara. Viktimat e k\u00ebtij fenomeni duhet t\u00eb identifikohen, duhet t\u00eb mbrohen, p\u00ebrkrahen dhe ndihmohen \u00a0n\u00eb m\u00ebnyr\u00eb q\u00eb t\u00eb b\u00ebhen pjes\u00eb e jet\u00ebs normale pran\u00eb famniljes s\u00eb tyre dhe t\u00eb riintegrimit n\u00eb shoq\u00ebri.<\/em><\/p>\n<p>&nbsp;<\/p>\n<p>&nbsp;<\/p>","protected":false},"excerpt":{"rendered":"<p>Kreu i Shtetit, Ilir Meta, ka ngritur edhe nj\u00ebher\u00eb shqet\u00ebsimin p\u00ebr shqiptar\u00ebt e mbetur n\u00eb zonat e luft\u00ebs. Duke folur n\u00eb konferenc\u00ebn \u201cFeja si instrument p\u00ebr paqen\u201d, Meta theksoi domosdoshm\u00ebrin\u00eb e kthimit dhe integrimit t\u00eb personave q\u00eb ndodhen n\u00eb kampet e luft\u00ebs n\u00eb Siri. Ilir Meta:\u00a0T\u00eb gjitha shtetet n\u00eb rajonin ton\u00eb i jan\u00eb bashkuar koalicionit [&hellip;]<\/p>\n","protected":false},"author":2013,"featured_media":114449,"comment_status":"open","ping_status":"closed","sticky":false,"template":"","format":"standard","meta":{"footnotes":""},"categories":[241,235],"tags":[],"class_list":{"0":"post-114448","1":"post","2":"type-post","3":"status-publish","4":"format-standard","5":"has-post-thumbnail","7":"category-aktualitet","8":"category-vendi"},"_links":{"self":[{"href":"https:\/\/zjarr.tv\/en\/wp-json\/wp\/v2\/posts\/114448","targetHints":{"allow":["GET"]}}],"collection":[{"href":"https:\/\/zjarr.tv\/en\/wp-json\/wp\/v2\/posts"}],"about":[{"href":"https:\/\/zjarr.tv\/en\/wp-json\/wp\/v2\/types\/post"}],"author":[{"embeddable":true,"href":"https:\/\/zjarr.tv\/en\/wp-json\/wp\/v2\/users\/2013"}],"replies":[{"embeddable":true,"href":"https:\/\/zjarr.tv\/en\/wp-json\/wp\/v2\/comments?post=114448"}],"version-history":[{"count":0,"href":"https:\/\/zjarr.tv\/en\/wp-json\/wp\/v2\/posts\/114448\/revisions"}],"wp:featuredmedia":[{"embeddable":true,"href":"https:\/\/zjarr.tv\/en\/wp-json\/wp\/v2\/media\/114449"}],"wp:attachment":[{"href":"https:\/\/zjarr.tv\/en\/wp-json\/wp\/v2\/media?parent=114448"}],"wp:term":[{"taxonomy":"category","embeddable":true,"href":"https:\/\/zjarr.tv\/en\/wp-json\/wp\/v2\/categories?post=114448"},{"taxonomy":"post_tag","embeddable":true,"href":"https:\/\/zjarr.tv\/en\/wp-json\/wp\/v2\/tags?post=114448"}],"curies":[{"name":"wp","href":"https:\/\/api.w.org\/{rel}","templated":true}]}}