{"id":114466,"date":"2019-11-18T15:05:49","date_gmt":"2019-11-18T14:05:49","guid":{"rendered":"https:\/\/zjarr.tv\/?p=114466"},"modified":"2019-11-18T15:05:49","modified_gmt":"2019-11-18T14:05:49","slug":"dhelprat-e-ballkanit-pranga-4-trafikanteve-shqiptare-te-droges","status":"publish","type":"post","link":"https:\/\/zjarr.tv\/en\/dhelprat-e-ballkanit-pranga-4-trafikanteve-shqiptare-te-droges\/","title":{"rendered":"&#8220;Dhelprat e Ballkanit&#8221;, pranga 4 trafikant\u00ebve shqiptar\u00eb t\u00eb drog\u00ebs"},"content":{"rendered":"<p><em>Trafikonin drog\u00eb duke p\u00ebrdorur nj\u00eb sistem t\u00eb ngjash\u00ebm me m\u00ebnyr\u00ebn e jet\u00ebses s\u00eb dhelprave n\u00eb pyll. Shqiptar\u00ebt fshihnin dozat e drog\u00ebs n\u00eb vazo hermetike duke hapur gropa n\u00ebntok\u00eb n\u00eb zonat pyjore rreth e qark q\u00ebndrave t\u00eb banimit. Kjo m\u00ebnyr\u00eb veprimi i dha emrin operacionit t\u00eb antidrog\u00ebs italiane koduar &#8220;Dhelprat e Ballkanit&#8221;.<\/em><\/p>\n<p>Autoritetet italiane kan\u00eb ekzekutuar m\u00ebngjesin e sot\u00ebm faz\u00ebn finale t\u00eb operacionit t\u00eb koduar &#8220;Dheplrat e Ballkanit&#8221; i cili ka \u00e7uar n\u00eb urdh\u00ebr arrestimin ndaj 5 personave, 4 shtetas shqiptar\u00eb e 1 italian t\u00eb akuzuar p\u00ebr trafik droge. Gjat\u00eb operaconi u sekuestrua dhe 1 kg drog\u00eb.<\/p>\n<p>T\u00eb arrestuarit shqiptar\u00eb jan\u00eb shtetasit Erjon Maskaj, Bledar Maskaj, Taulan Hoxhaj e Geront Aliaj. T\u00eb gjith\u00eb jan\u00eb banues n\u00eb Itali me leje q\u00ebndrimi t\u00eb rregullt.<\/p>\n<p>Hetimet e operacionit t\u00eb nisura n\u00eb mars t\u00eb vitit 2017 kan\u00eb dokumentuar se kjo band\u00eb trafikant\u00ebsh trafikonte doza droge t\u00eb llojeve t\u00eb ndryshme; marijuan\u00eb, kokain\u00eb, heroin\u00eb, hashash duke i fshehur n\u00eb vazo hermetike n\u00eb gropa t\u00eb hapura n\u00ebn\u00ebtok\u00eb n\u00eb zonat pyjore rreth e qark komun\u00ebs Sestri levante n\u00eb provinc\u00ebn e Genovas.<\/p>\n<p>Me arrestimet e pak or\u00ebve m\u00eb par\u00eb numri i personave t\u00eb v\u00ebn\u00eb n\u00eb pranga e t\u00eb p\u00ebrfshir\u00eb n\u00eb k\u00ebt\u00eb aktivitet \u00ebsht\u00eb rreth 16 persona.<\/p>\n<p>Shumica e tyre jan\u00eb shtetas shqiptar\u00eb q\u00eb figuronin se punonin si kopshtar\u00eb apo si pun\u00ebtor\u00eb n\u00eb fermat p\u00ebrreth.<\/p>\n<p>Klient\u00ebt e tyre ishin p\u00ebrdorues t\u00eb rregullt droge e kryesisht njer\u00ebz t\u00eb padyshuar e profesionist\u00eb si ekonomist\u00eb, artizanal\u00eb, sip\u00ebrmarr\u00ebs etj.<\/p>\n<p>Kontaktet me klient\u00ebt e me nj\u00ebri-tjetrin t\u00eb arrestuarit i kryenin me an\u00eb t\u00eb skedave telefonike t\u00eb parapaguara q\u00eb ndryshonin pothuajse \u00e7do dit\u00eb.<\/p>\n<p>P\u00ebr autoritetet italiane ky grup kriminal \u00ebsht\u00eb ende aktiv n\u00eb trafikun e drog\u00ebs e hetimet vazhdojn\u00eb p\u00ebr t\u00eb zbardhur bashk\u00ebpun\u00ebtor\u00ebt e tjer\u00eb e furnizuesti e tyre t\u00eb drog\u00ebs.<\/p>\n<p><iframe loading=\"lazy\" src=\"https:\/\/www.youtube.com\/embed\/CiRK0xQbkd0\" width=\"560\" height=\"315\" frameborder=\"0\" allowfullscreen=\"allowfullscreen\" data-mce-fragment=\"1\"><\/iframe><\/p>\n<p>&nbsp;<\/p>\n<p>&nbsp;<\/p>","protected":false},"excerpt":{"rendered":"<p>Trafikonin drog\u00eb duke p\u00ebrdorur nj\u00eb sistem t\u00eb ngjash\u00ebm me m\u00ebnyr\u00ebn e jet\u00ebses s\u00eb dhelprave n\u00eb pyll. Shqiptar\u00ebt fshihnin dozat e drog\u00ebs n\u00eb vazo hermetike duke hapur gropa n\u00ebntok\u00eb n\u00eb zonat pyjore rreth e qark q\u00ebndrave t\u00eb banimit. Kjo m\u00ebnyr\u00eb veprimi i dha emrin operacionit t\u00eb antidrog\u00ebs italiane koduar &#8220;Dhelprat e Ballkanit&#8221;. Autoritetet italiane kan\u00eb ekzekutuar [&hellip;]<\/p>\n","protected":false},"author":2013,"featured_media":114485,"comment_status":"open","ping_status":"closed","sticky":false,"template":"","format":"standard","meta":{"footnotes":""},"categories":[241,235],"tags":[],"class_list":{"0":"post-114466","1":"post","2":"type-post","3":"status-publish","4":"format-standard","5":"has-post-thumbnail","7":"category-aktualitet","8":"category-vendi"},"_links":{"self":[{"href":"https:\/\/zjarr.tv\/en\/wp-json\/wp\/v2\/posts\/114466","targetHints":{"allow":["GET"]}}],"collection":[{"href":"https:\/\/zjarr.tv\/en\/wp-json\/wp\/v2\/posts"}],"about":[{"href":"https:\/\/zjarr.tv\/en\/wp-json\/wp\/v2\/types\/post"}],"author":[{"embeddable":true,"href":"https:\/\/zjarr.tv\/en\/wp-json\/wp\/v2\/users\/2013"}],"replies":[{"embeddable":true,"href":"https:\/\/zjarr.tv\/en\/wp-json\/wp\/v2\/comments?post=114466"}],"version-history":[{"count":0,"href":"https:\/\/zjarr.tv\/en\/wp-json\/wp\/v2\/posts\/114466\/revisions"}],"wp:featuredmedia":[{"embeddable":true,"href":"https:\/\/zjarr.tv\/en\/wp-json\/wp\/v2\/media\/114485"}],"wp:attachment":[{"href":"https:\/\/zjarr.tv\/en\/wp-json\/wp\/v2\/media?parent=114466"}],"wp:term":[{"taxonomy":"category","embeddable":true,"href":"https:\/\/zjarr.tv\/en\/wp-json\/wp\/v2\/categories?post=114466"},{"taxonomy":"post_tag","embeddable":true,"href":"https:\/\/zjarr.tv\/en\/wp-json\/wp\/v2\/tags?post=114466"}],"curies":[{"name":"wp","href":"https:\/\/api.w.org\/{rel}","templated":true}]}}