{"id":114495,"date":"2019-11-18T15:29:33","date_gmt":"2019-11-18T14:29:33","guid":{"rendered":"https:\/\/zjarr.tv\/?p=114495"},"modified":"2019-11-18T15:29:33","modified_gmt":"2019-11-18T14:29:33","slug":"plagosja-e-te-riut-me-arme-zjarri-ne-fier-arrestohen-4-persona","status":"publish","type":"post","link":"https:\/\/zjarr.tv\/en\/plagosja-e-te-riut-me-arme-zjarri-ne-fier-arrestohen-4-persona\/","title":{"rendered":"Plagosja e t\u00eb riut me arm\u00eb zjarri n\u00eb Fier, arrestohen 4 persona"},"content":{"rendered":"<p>Policia e Vlor\u00ebs ka v\u00ebn\u00eb n\u00eb pranga 4 shtetas, si autor\u00eb t\u00eb plagosjes me arm\u00eb zjarri t\u00eb shtetasit E. N., 25 vje\u00e7, banues n\u00eb fshatin Ferras, Fier.<\/p>\n<p>T\u00eb arrestuarit jan\u00eb shtetasit M. T., 41 vje\u00e7, banues n\u00eb Vlor\u00eb; \u00a0S. Q., 20 vje\u00e7; \u00a0E. N., 25 vje\u00e7, banues n\u00eb Ferras, Fier dhe E. K., 27 vje\u00e7, banues n\u00eb Zharr\u00ebs, Fier.<\/p>\n<p>Ata akuzohen p\u00ebr veprat penale &#8220;Plagosja e r\u00ebnd\u00eb me dashje&#8221;, &#8220;Arm\u00ebmbajtja pa leje\u201d, &#8220;Kanosja&#8221;, &#8220;Drejtimi i mjetit n\u00eb gjendje t\u00eb dehur&#8221;, &#8220;Largimi nga vendi i aksidentit&#8221; dhe \u201cMos kall\u00ebzim krimi\u201d.<\/p>\n<p><strong><em>Ja si ndodhi ngjarja:\u00a0<\/em><\/strong><\/p>\n<p>Mbr\u00ebmjen e kaluar, n\u00eb Spitalin Rajonal Vlor\u00eb ka shkuar i plagosur me arm\u00eb zjarri shtetasi E. N., 25 vje\u00e7, banues n\u00eb fshatin Ferras, Fier.<\/p>\n<p>Menj\u00ebher\u00eb pas veprimeve hetimore t\u00eb kryera nga nj\u00eb grup i posa\u00e7\u00ebm hetimor p\u00ebr zbardhjen e ngjarjes ka rezultuar se n\u00eb aksin rrugor pran\u00eb mbikalimit t\u00eb Levanit jan\u00eb p\u00ebrplasur automjetet Volsk\u00ebagen Golf, me drejtues shtetasin E. B., e pasagjer\u00eb shtetasit E. Y. dhe Xh. T dhe Alfa Romeo, me drejtues shtetasin M. T. e pasagjer\u00eb shtetasit S. Q. dhe E. N.<\/p>\n<p>K\u00ebta t\u00eb fundit, n\u00eb tentativ\u00eb p\u00ebr t\u2019u larguar me mjetin e tyre nga vendi i ngjarjes n\u00eb drejtim t\u00eb Vlor\u00ebs jan\u00eb ndjekur nga 3 shtetasit e tjer\u00eb me Volsk\u00ebagen Golf dhe ka nisur konflikti midis tyre n\u00eb mbikalimim e Novosel\u00ebs, pran\u00eb nj\u00eb karburanti, ku si pasoj\u00eb, duke qen\u00eb edhe n\u00ebn efektin e pijeve alkoolike, dyshohet se shtetasi M. T. ka q\u00eblluar n\u00eb aj\u00ebr me arm\u00eb zjarri dhe aksidentalisht ka plagosur kunatin e tij shtetasin E. N., i cili ndodhet n\u00eb Spitalin Rajonal Vlor\u00eb, jasht\u00eb rrezikut p\u00ebr jet\u00ebn.<\/p>\n<p>Materialet do t\u2019i referohen Prokuroris\u00eb n\u00eb ngarkim t\u00eb tyre, p\u00ebr veprime t\u00eb m\u00ebtejshme.<\/p>","protected":false},"excerpt":{"rendered":"<p>Policia e Vlor\u00ebs ka v\u00ebn\u00eb n\u00eb pranga 4 shtetas, si autor\u00eb t\u00eb plagosjes me arm\u00eb zjarri t\u00eb shtetasit E. N., 25 vje\u00e7, banues n\u00eb fshatin Ferras, Fier. T\u00eb arrestuarit jan\u00eb shtetasit M. T., 41 vje\u00e7, banues n\u00eb Vlor\u00eb; \u00a0S. Q., 20 vje\u00e7; \u00a0E. N., 25 vje\u00e7, banues n\u00eb Ferras, Fier dhe E. K., 27 vje\u00e7, [&hellip;]<\/p>\n","protected":false},"author":2013,"featured_media":114498,"comment_status":"open","ping_status":"closed","sticky":false,"template":"","format":"standard","meta":{"footnotes":""},"categories":[241,235],"tags":[],"class_list":{"0":"post-114495","1":"post","2":"type-post","3":"status-publish","4":"format-standard","5":"has-post-thumbnail","7":"category-aktualitet","8":"category-vendi"},"_links":{"self":[{"href":"https:\/\/zjarr.tv\/en\/wp-json\/wp\/v2\/posts\/114495","targetHints":{"allow":["GET"]}}],"collection":[{"href":"https:\/\/zjarr.tv\/en\/wp-json\/wp\/v2\/posts"}],"about":[{"href":"https:\/\/zjarr.tv\/en\/wp-json\/wp\/v2\/types\/post"}],"author":[{"embeddable":true,"href":"https:\/\/zjarr.tv\/en\/wp-json\/wp\/v2\/users\/2013"}],"replies":[{"embeddable":true,"href":"https:\/\/zjarr.tv\/en\/wp-json\/wp\/v2\/comments?post=114495"}],"version-history":[{"count":0,"href":"https:\/\/zjarr.tv\/en\/wp-json\/wp\/v2\/posts\/114495\/revisions"}],"wp:featuredmedia":[{"embeddable":true,"href":"https:\/\/zjarr.tv\/en\/wp-json\/wp\/v2\/media\/114498"}],"wp:attachment":[{"href":"https:\/\/zjarr.tv\/en\/wp-json\/wp\/v2\/media?parent=114495"}],"wp:term":[{"taxonomy":"category","embeddable":true,"href":"https:\/\/zjarr.tv\/en\/wp-json\/wp\/v2\/categories?post=114495"},{"taxonomy":"post_tag","embeddable":true,"href":"https:\/\/zjarr.tv\/en\/wp-json\/wp\/v2\/tags?post=114495"}],"curies":[{"name":"wp","href":"https:\/\/api.w.org\/{rel}","templated":true}]}}