{"id":114497,"date":"2019-11-18T15:30:11","date_gmt":"2019-11-18T14:30:11","guid":{"rendered":"https:\/\/zjarr.tv\/?p=114497"},"modified":"2019-11-18T15:30:11","modified_gmt":"2019-11-18T14:30:11","slug":"soreca-procesi-i-integrimit-sa-kompleks-aq-edhe-i-thjeshte","status":"publish","type":"post","link":"https:\/\/zjarr.tv\/en\/soreca-procesi-i-integrimit-sa-kompleks-aq-edhe-i-thjeshte\/","title":{"rendered":"Soreca: Procesi i integrimit sa kompleks aq edhe i thjesht\u00eb"},"content":{"rendered":"<p>Ambasadori i BE n\u00eb vendin ton\u00eb, Luigi Soreca thot\u00eb se procesi i integrimit n\u00eb BE \u00ebsht\u00eb shum\u00eb kompleks dhe shum\u00eb i thjesht\u00eb n\u00eb t\u00eb nj\u00ebjt\u00ebn koh\u00eb.<\/p>\n<p>Sipas tij \u00ebsht\u00eb komplekse sepse fjal\u00eb p\u00ebr fjal\u00eb n\u00ebnkupton nj\u00eb rregullim t\u00eb t\u00eb gjith\u00eb sistemit, dhe \u00ebsht\u00eb e thjesht\u00eb sepse besojm\u00eb se ekziston vet\u00ebm nj\u00eb destinacion natyror p\u00ebr Shqip\u00ebrin\u00eb.<\/p>\n<p>Ministrat e BE-s\u00eb do t\u00eb diskutojn\u00eb sot situat\u00ebn n\u00eb fush\u00ebn e zgjerimit dhe politik\u00ebs s\u00eb pranimit n\u00eb nj\u00eb takim t\u00eb K\u00ebshillit t\u00eb \u00c7\u00ebshtjeve t\u00eb P\u00ebrgjithshme n\u00eb Bruksel.<\/p>\n<p>Ministrat do t\u00eb shqyrtojn\u00eb p\u00ebr her\u00eb t\u00eb par\u00eb propozimin francez p\u00ebr reformimin e politik\u00ebs s\u00eb zgjerimit, por nuk priten p\u00ebrfundime konkrete, njoftoi K\u00ebshilli i BE-s\u00eb.<\/p>","protected":false},"excerpt":{"rendered":"<p>Ambasadori i BE n\u00eb vendin ton\u00eb, Luigi Soreca thot\u00eb se procesi i integrimit n\u00eb BE \u00ebsht\u00eb shum\u00eb kompleks dhe shum\u00eb i thjesht\u00eb n\u00eb t\u00eb nj\u00ebjt\u00ebn koh\u00eb. Sipas tij \u00ebsht\u00eb komplekse sepse fjal\u00eb p\u00ebr fjal\u00eb n\u00ebnkupton nj\u00eb rregullim t\u00eb t\u00eb gjith\u00eb sistemit, dhe \u00ebsht\u00eb e thjesht\u00eb sepse besojm\u00eb se ekziston vet\u00ebm nj\u00eb destinacion natyror p\u00ebr Shqip\u00ebrin\u00eb. [&hellip;]<\/p>\n","protected":false},"author":2013,"featured_media":70231,"comment_status":"open","ping_status":"closed","sticky":false,"template":"","format":"standard","meta":{"footnotes":""},"categories":[241,235],"tags":[],"class_list":{"0":"post-114497","1":"post","2":"type-post","3":"status-publish","4":"format-standard","5":"has-post-thumbnail","7":"category-aktualitet","8":"category-vendi"},"_links":{"self":[{"href":"https:\/\/zjarr.tv\/en\/wp-json\/wp\/v2\/posts\/114497","targetHints":{"allow":["GET"]}}],"collection":[{"href":"https:\/\/zjarr.tv\/en\/wp-json\/wp\/v2\/posts"}],"about":[{"href":"https:\/\/zjarr.tv\/en\/wp-json\/wp\/v2\/types\/post"}],"author":[{"embeddable":true,"href":"https:\/\/zjarr.tv\/en\/wp-json\/wp\/v2\/users\/2013"}],"replies":[{"embeddable":true,"href":"https:\/\/zjarr.tv\/en\/wp-json\/wp\/v2\/comments?post=114497"}],"version-history":[{"count":0,"href":"https:\/\/zjarr.tv\/en\/wp-json\/wp\/v2\/posts\/114497\/revisions"}],"wp:featuredmedia":[{"embeddable":true,"href":"https:\/\/zjarr.tv\/en\/wp-json\/wp\/v2\/media\/70231"}],"wp:attachment":[{"href":"https:\/\/zjarr.tv\/en\/wp-json\/wp\/v2\/media?parent=114497"}],"wp:term":[{"taxonomy":"category","embeddable":true,"href":"https:\/\/zjarr.tv\/en\/wp-json\/wp\/v2\/categories?post=114497"},{"taxonomy":"post_tag","embeddable":true,"href":"https:\/\/zjarr.tv\/en\/wp-json\/wp\/v2\/tags?post=114497"}],"curies":[{"name":"wp","href":"https:\/\/api.w.org\/{rel}","templated":true}]}}