{"id":114502,"date":"2019-11-18T15:41:17","date_gmt":"2019-11-18T14:41:17","guid":{"rendered":"https:\/\/zjarr.tv\/?p=114502"},"modified":"2019-11-18T15:41:17","modified_gmt":"2019-11-18T14:41:17","slug":"meta-ambasadori-i-osbe-bernd-borchardt-nuk-eshte-i-mirepritur-ne-presidence","status":"publish","type":"post","link":"https:\/\/zjarr.tv\/en\/meta-ambasadori-i-osbe-bernd-borchardt-nuk-eshte-i-mirepritur-ne-presidence\/","title":{"rendered":"Meta: Ambasadori i OSBE, Bernd Borchardt nuk \u00ebsht\u00eb i mir\u00ebpritur n\u00eb Presidenc\u00eb"},"content":{"rendered":"<p>Presidenti Ilir Meta thot\u00eb se ambasadori i OSBE, Bernd Borchardt nuk \u00ebsht\u00eb i mir\u00ebpritur n\u00eb Presidenc\u00eb.<\/p>\n<p>vijon<\/p>","protected":false},"excerpt":{"rendered":"<p>Presidenti Ilir Meta thot\u00eb se ambasadori i OSBE, Bernd Borchardt nuk \u00ebsht\u00eb i mir\u00ebpritur n\u00eb Presidenc\u00eb. vijon<\/p>","protected":false},"author":2013,"featured_media":43819,"comment_status":"open","ping_status":"closed","sticky":false,"template":"","format":"standard","meta":{"footnotes":""},"categories":[241,235],"tags":[],"class_list":{"0":"post-114502","1":"post","2":"type-post","3":"status-publish","4":"format-standard","5":"has-post-thumbnail","7":"category-aktualitet","8":"category-vendi"},"_links":{"self":[{"href":"https:\/\/zjarr.tv\/en\/wp-json\/wp\/v2\/posts\/114502","targetHints":{"allow":["GET"]}}],"collection":[{"href":"https:\/\/zjarr.tv\/en\/wp-json\/wp\/v2\/posts"}],"about":[{"href":"https:\/\/zjarr.tv\/en\/wp-json\/wp\/v2\/types\/post"}],"author":[{"embeddable":true,"href":"https:\/\/zjarr.tv\/en\/wp-json\/wp\/v2\/users\/2013"}],"replies":[{"embeddable":true,"href":"https:\/\/zjarr.tv\/en\/wp-json\/wp\/v2\/comments?post=114502"}],"version-history":[{"count":0,"href":"https:\/\/zjarr.tv\/en\/wp-json\/wp\/v2\/posts\/114502\/revisions"}],"wp:featuredmedia":[{"embeddable":true,"href":"https:\/\/zjarr.tv\/en\/wp-json\/wp\/v2\/media\/43819"}],"wp:attachment":[{"href":"https:\/\/zjarr.tv\/en\/wp-json\/wp\/v2\/media?parent=114502"}],"wp:term":[{"taxonomy":"category","embeddable":true,"href":"https:\/\/zjarr.tv\/en\/wp-json\/wp\/v2\/categories?post=114502"},{"taxonomy":"post_tag","embeddable":true,"href":"https:\/\/zjarr.tv\/en\/wp-json\/wp\/v2\/tags?post=114502"}],"curies":[{"name":"wp","href":"https:\/\/api.w.org\/{rel}","templated":true}]}}