{"id":114524,"date":"2019-11-18T17:25:11","date_gmt":"2019-11-18T16:25:11","guid":{"rendered":"https:\/\/zjarr.tv\/?p=114524"},"modified":"2019-11-18T17:25:11","modified_gmt":"2019-11-18T16:25:11","slug":"krymadhi-rama-nuk-ka-shans-te-prishi-teatrin-kombetare","status":"publish","type":"post","link":"https:\/\/zjarr.tv\/en\/krymadhi-rama-nuk-ka-shans-te-prishi-teatrin-kombetare\/","title":{"rendered":"Krymadhi: Rama nuk ka shans te prishi teatrin kombetare"},"content":{"rendered":"<p>Kryetarja e LSI-s\u00eb Monika Kryemadhi ka sjell\u00eb sot mesazhet e marra gjat\u00eb takimeve t\u00eb saj me zyrtar\u00eb amerikan\u00eb n\u00eb vizit\u00ebn e zhvilluar n\u00eb SHBA. Kryemadhi tha n\u00eb nj\u00eb bashk\u00ebbisedim me gazetar\u00eb se politika amerikane ka nj\u00eb v\u00ebmendje t\u00eb re, t\u00eb shtuar p\u00ebr Shqip\u00ebrin\u00eb dhe rajonin n\u00eb t\u00ebr\u00ebsi.<\/p>\n<p>Kryemadhi gjithashtu ka mir\u00ebpritur pytjet nga gazetar\u00ebt e pranish\u00ebm t\u00eb cil\u00ebt kan\u00eb treguar interes p\u00ebr zhvillimet m\u00eb t\u00eb fundit n\u00eb vend.<\/p>\n<p>N\u00eb lidhje me akuzat e opozit\u00ebs p\u00ebr kapjen e institucioneve t\u00eb drejtesis\u00eb dhe gjithashtu dhe p\u00ebr premtimin e ber\u00eb p\u00ebr prishjen e teatrit komb\u00ebtar\u00eb, krymadhi tha se e gjitha kjo nuk do t\u00eb vazhdoj\u00eb gjat\u00eb.<\/p>\n<p>Kryemadhi pranoi gjithashtu se opozita nuk i ka tanim\u00eb mekanizmat p\u00ebr t\u00eb luftuar mazhoranc\u00ebn por ngritja e gjykat\u00ebs kushtetuese \u00ebsht\u00eb nj\u00eb hap\u00a0 dhe gjithashtu informimi i nd\u00ebrkomb\u00ebtar\u00ebve nga opozita , p\u00ebr kapjen e drejt\u00ebsis\u00eb nga kryeministir Rama.<\/p>\n<p>&nbsp;<\/p>\n<div id=\"fb-root\"><\/div>\n<p><script async=\"1\" defer=\"1\" crossorigin=\"anonymous\" src=\"https:\/\/connect.facebook.net\/de_DE\/sdk.js#xfbml=1&amp;version=v8.0\" nonce=\"ob2NtuG7\"><\/script><\/p>\n<div class=\"fb-video\" data-href=\"https:\/\/www.facebook.com\/ZjarrTelevizion\/videos\/448840272445008\/\" data-width=\"696\">\n<blockquote cite=\"https:\/\/www.facebook.com\/ZjarrTelevizion\/videos\/448840272445008\/\" class=\"fb-xfbml-parse-ignore\"><p><a href=\"https:\/\/www.facebook.com\/ZjarrTelevizion\/videos\/448840272445008\/\"><\/a><\/p>\n<p>Gepostet von <a href=\"https:\/\/www.facebook.com\/ZjarrTelevizion\/\">Zjarr Televizion<\/a> am Montag, 18. November 2019<\/p><\/blockquote>\n<\/div>","protected":false},"excerpt":{"rendered":"<p>Kryetarja e LSI-s\u00eb Monika Kryemadhi ka sjell\u00eb sot mesazhet e marra gjat\u00eb takimeve t\u00eb saj me zyrtar\u00eb amerikan\u00eb n\u00eb vizit\u00ebn e zhvilluar n\u00eb SHBA. Kryemadhi tha n\u00eb nj\u00eb bashk\u00ebbisedim me gazetar\u00eb se politika amerikane ka nj\u00eb v\u00ebmendje t\u00eb re, t\u00eb shtuar p\u00ebr Shqip\u00ebrin\u00eb dhe rajonin n\u00eb t\u00ebr\u00ebsi. Kryemadhi gjithashtu ka mir\u00ebpritur pytjet nga gazetar\u00ebt e [&hellip;]<\/p>\n","protected":false},"author":2013,"featured_media":114536,"comment_status":"open","ping_status":"closed","sticky":false,"template":"","format":"standard","meta":{"footnotes":""},"categories":[241,235],"tags":[],"class_list":{"0":"post-114524","1":"post","2":"type-post","3":"status-publish","4":"format-standard","5":"has-post-thumbnail","7":"category-aktualitet","8":"category-vendi"},"_links":{"self":[{"href":"https:\/\/zjarr.tv\/en\/wp-json\/wp\/v2\/posts\/114524","targetHints":{"allow":["GET"]}}],"collection":[{"href":"https:\/\/zjarr.tv\/en\/wp-json\/wp\/v2\/posts"}],"about":[{"href":"https:\/\/zjarr.tv\/en\/wp-json\/wp\/v2\/types\/post"}],"author":[{"embeddable":true,"href":"https:\/\/zjarr.tv\/en\/wp-json\/wp\/v2\/users\/2013"}],"replies":[{"embeddable":true,"href":"https:\/\/zjarr.tv\/en\/wp-json\/wp\/v2\/comments?post=114524"}],"version-history":[{"count":0,"href":"https:\/\/zjarr.tv\/en\/wp-json\/wp\/v2\/posts\/114524\/revisions"}],"wp:featuredmedia":[{"embeddable":true,"href":"https:\/\/zjarr.tv\/en\/wp-json\/wp\/v2\/media\/114536"}],"wp:attachment":[{"href":"https:\/\/zjarr.tv\/en\/wp-json\/wp\/v2\/media?parent=114524"}],"wp:term":[{"taxonomy":"category","embeddable":true,"href":"https:\/\/zjarr.tv\/en\/wp-json\/wp\/v2\/categories?post=114524"},{"taxonomy":"post_tag","embeddable":true,"href":"https:\/\/zjarr.tv\/en\/wp-json\/wp\/v2\/tags?post=114524"}],"curies":[{"name":"wp","href":"https:\/\/api.w.org\/{rel}","templated":true}]}}