{"id":114526,"date":"2019-11-18T16:50:43","date_gmt":"2019-11-18T15:50:43","guid":{"rendered":"https:\/\/zjarr.tv\/?p=114526"},"modified":"2019-11-18T16:50:43","modified_gmt":"2019-11-18T15:50:43","slug":"kryemadhi-nderkombetaret-ndikohen-nga-individe-afer-kryeministrit","status":"publish","type":"post","link":"https:\/\/zjarr.tv\/en\/kryemadhi-nderkombetaret-ndikohen-nga-individe-afer-kryeministrit\/","title":{"rendered":"Kryemadhi: Nd\u00ebrkomb\u00ebtar\u00ebt ndikohen nga individ\u00eb af\u00ebr kryeministrit"},"content":{"rendered":"<p>ryetarja e LSI, Monika Kryemadhi tha se n\u00eb momente t\u00eb caktuar nd\u00ebrkomb\u00ebtar\u00ebt ndikohen nga njer\u00ebz af\u00ebr kryeministrit.<\/p>\n<p>Sipas saj, ishin votat e LSI ato q\u00eb garantonin reform\u00ebn n\u00eb drejt\u00ebsi. Kryemadhi deklaroi se as mbasadori Lu nuk e besonte se LSI do t\u00eb votonte p\u00ebr t\u00eb miratuar reform\u00ebn n\u00eb drejt\u00ebsi.<\/p>\n<p><strong>Kryemadhi:<\/strong>\u00a0<em>Ambasador\u00ebt funksionojn\u00eb me ministrin\u00eb e jashtme dhe me zyrat e kryeministrit. Edhe sot e k\u00ebsaj dite SHBA dhe shum\u00eb partner\u00eb nd\u00ebrkomb\u00ebtare n\u00eb momente t\u00eb caktuara ndikohen nga individ\u00eb q\u00eb jan\u00eb af\u00ebr kryeministrit dhe flasin n\u00eb em\u00ebr t\u00eb tij. N\u00ebse shefja e kabinetit t\u00eb zotit Rama do t\u00eb flas\u00eb n\u00eb em\u00ebr t\u00eb Ram\u00ebs dhe do ti thot\u00eb se ne duam ta kalojm\u00eb reform\u00ebn n\u00eb drejt\u00ebsi, por nuk do Ilir Meta dhe n\u00ebse k\u00ebta do ta drejtonin Zoti Lu dhe nd\u00ebrkoh\u00eb Romana Vlahutin do t\u00eb thoshte hajde t\u00eb blejm\u00eb deputet\u00eb t\u00eb opozit\u00ebs, ku nd\u00ebrkoh\u00eb nuk b\u00ebhej fjal\u00eb p\u00ebr t\u00eb bler\u00eb deputet\u00eb t\u00eb opozit\u00ebs sepse \u00a0ishin votat e LSI ato q\u00eb garantonin, por\u00a0<\/em>b\u00ebhej fjal\u00eb p\u00ebr t\u00eb miratuar \u00a0nj\u00eb reform\u00eb n\u00eb unision. N\u00ebse do kishim miratuar nj\u00eb reform\u00eb n\u00eb drejt\u00ebsi pa PD kjo reform\u00eb nuk do ishte e besuar as p\u00ebr BE dhe as p\u00ebr SHBA.<\/p>\n<p>Deklaratat e kryetares s\u00eb LSI u b\u00ebn\u00eb n\u00eb nj\u00eb bashk\u00ebbisedim me gazetar\u00ebt pas kthimit nga SHBA<\/p>","protected":false},"excerpt":{"rendered":"<p>ryetarja e LSI, Monika Kryemadhi tha se n\u00eb momente t\u00eb caktuar nd\u00ebrkomb\u00ebtar\u00ebt ndikohen nga njer\u00ebz af\u00ebr kryeministrit. Sipas saj, ishin votat e LSI ato q\u00eb garantonin reform\u00ebn n\u00eb drejt\u00ebsi. Kryemadhi deklaroi se as mbasadori Lu nuk e besonte se LSI do t\u00eb votonte p\u00ebr t\u00eb miratuar reform\u00ebn n\u00eb drejt\u00ebsi. Kryemadhi:\u00a0Ambasador\u00ebt funksionojn\u00eb me ministrin\u00eb e jashtme [&hellip;]<\/p>\n","protected":false},"author":2013,"featured_media":114519,"comment_status":"open","ping_status":"closed","sticky":false,"template":"","format":"standard","meta":{"footnotes":""},"categories":[241,235],"tags":[],"class_list":{"0":"post-114526","1":"post","2":"type-post","3":"status-publish","4":"format-standard","5":"has-post-thumbnail","7":"category-aktualitet","8":"category-vendi"},"_links":{"self":[{"href":"https:\/\/zjarr.tv\/en\/wp-json\/wp\/v2\/posts\/114526","targetHints":{"allow":["GET"]}}],"collection":[{"href":"https:\/\/zjarr.tv\/en\/wp-json\/wp\/v2\/posts"}],"about":[{"href":"https:\/\/zjarr.tv\/en\/wp-json\/wp\/v2\/types\/post"}],"author":[{"embeddable":true,"href":"https:\/\/zjarr.tv\/en\/wp-json\/wp\/v2\/users\/2013"}],"replies":[{"embeddable":true,"href":"https:\/\/zjarr.tv\/en\/wp-json\/wp\/v2\/comments?post=114526"}],"version-history":[{"count":0,"href":"https:\/\/zjarr.tv\/en\/wp-json\/wp\/v2\/posts\/114526\/revisions"}],"wp:featuredmedia":[{"embeddable":true,"href":"https:\/\/zjarr.tv\/en\/wp-json\/wp\/v2\/media\/114519"}],"wp:attachment":[{"href":"https:\/\/zjarr.tv\/en\/wp-json\/wp\/v2\/media?parent=114526"}],"wp:term":[{"taxonomy":"category","embeddable":true,"href":"https:\/\/zjarr.tv\/en\/wp-json\/wp\/v2\/categories?post=114526"},{"taxonomy":"post_tag","embeddable":true,"href":"https:\/\/zjarr.tv\/en\/wp-json\/wp\/v2\/tags?post=114526"}],"curies":[{"name":"wp","href":"https:\/\/api.w.org\/{rel}","templated":true}]}}