{"id":114531,"date":"2019-11-18T17:01:49","date_gmt":"2019-11-18T16:01:49","guid":{"rendered":"https:\/\/zjarr.tv\/?p=114531"},"modified":"2019-11-18T17:01:49","modified_gmt":"2019-11-18T16:01:49","slug":"drejtoria-e-pergjithshme-e-tatimeve-eshte-duke-pergatitur-nje-model-te-per-deklarimin-e-te-ardhurave-individuale-te-personave-qe-jane-te-punesuar-ne-me-shume-se-dy-vende-per-ato-kategori","status":"publish","type":"post","link":"https:\/\/zjarr.tv\/en\/drejtoria-e-pergjithshme-e-tatimeve-eshte-duke-pergatitur-nje-model-te-per-deklarimin-e-te-ardhurave-individuale-te-personave-qe-jane-te-punesuar-ne-me-shume-se-dy-vende-per-ato-kategori\/","title":{"rendered":"Drejtoria e P\u00ebrgjithshme e Tatimeve \u00ebsht\u00eb duke p\u00ebrgatitur nj\u00eb model t\u00eb p\u00ebr deklarimin e t\u00eb ardhurave individuale t\u00eb personave q\u00eb jan\u00eb t\u00eb pun\u00ebsuar n\u00eb m\u00eb shum\u00eb se dy vende.    \u201cP\u00ebr ato kategori t\u00eb pun\u00ebsuarish t\u00eb cil\u00ebt nuk jan\u00eb subjekt deklarimi aktualisht dhe do t\u00eb fillojn\u00eb t\u00eb jen\u00eb subjetk deklarimi t\u00eb krijojn\u00eb nj\u00eb model t\u00eb vecant\u00eb n\u00eb m\u00ebnyr\u00eb q\u00eb t\u00eb jet\u00eb nj\u00eb form\u00eb e thjeshtuar p\u00ebr aot individ q\u00eb kan\u00eb vet\u00ebtm p\u00ebrfitim pagash dhe jo t\u00eb ardhura t\u00eb tjera si qera apo dividend.\u201d tha Ibrahimaj.    Ne paket\u00ebn fiskale t\u00eb vitit t\u00eb ardhsh\u00ebm qeveria parashikon se personat e dypun\u00ebsuar duhet t\u00eb b\u00ebjn\u00eb deklarim vjetor te nivelit t\u00eb t\u00eb ardhurave q\u00eb ata kan\u00eb. Nisma p\u00ebr drejtorine e pergjithshme te tatimeve nuk ka t\u00eb b\u00ebj\u00eb me ark\u00ebtimin e t\u00eb ardhuave shtes\u00eb por me vendosjen e barayise ndermjet individeve. \u201cKjo politik\u00eb nuk \u00ebsht\u00eb nj\u00eb politik\u00eb e nd\u00ebrmarr\u00eb me q\u00ebllim q\u00eb t\u00eb rriten t\u00eb ardhurat e buxhetit t\u00eb shtetit \u00ebsht\u00eb nj\u00eb politik\u00eb e nd\u00ebrmarr\u00eb p\u00ebr t\u00eb krijuar barazi nd\u00ebrmjet individ\u00ebve q\u00eb kan\u00eb t\u00eb ardhura t\u00eb barabarta.\u201d u shpreh Ibrahimaj.  Tatimet ilustruan nje rast se si sot personat e dypun\u00ebsuar paguajn\u00eb m\u00eb pak se sa ata q\u00eb kan\u00eb nj\u00eb rrog\u00eb, p\u00ebr t\u00eb nj\u00ebjtin nivel t\u00eb ardhurash.  \u201cKeshtu nje individ qe merr nje page te vetme prej 58 mije leke ne muaj tek nje punedhenes paguan 3640 leke tatim mbi pagen (28000\u00d713%), ndersa nje individ qe merr dy paga nga 29 mije ne muaj tek dy punedhenes te ndryshem paguan zero leke tatim mbi pagat.Nga ana tjeter ne rastet e dy apo m\u00eb shum\u00eb pun\u00ebsimeve individ\u00ebt i shmangen formules se llogaritjes progresive te tatimit mbi pagat, duke zbritur shumen 30 mij\u00eb lek\u00eb si te patatueshme tek t\u00eb gjitha pagat qe perfitojne nga punedhenes te ndryshem.\u201d tha ajo.  Ndryshimi i ligjit p\u00ebr tatimin mbi t\u00eb ardhurat rrit pages\u00ebn e taks\u00ebs mbi pag\u00ebn p\u00ebr 24 mij\u00eb persona. Sipas tatimeve profesionet q\u00eb preken m\u00eb shum\u00eb nga kjo nism\u00eb jan\u00eb arkitekt\u00ebt, inxhinier\u00ebt, jurist\u00ebt, kuzhinier\u00ebt."},"content":{"rendered":"<p>Hapet zyrtarisht gara p\u00ebr pozicionin e kryeprokurorit t\u00eb Shqip\u00ebris\u00eb, ku lista me kandidat\u00ebt do t\u00eb d\u00ebrgohet t\u00eb m\u00ebrkur\u00ebn n\u00eb Kuvend.<\/p>\n<p>Lista e kandidat\u00ebve p\u00ebr kryeprokuror, mb\u00ebrrin n\u00eb parlament m\u00eb dat\u00eb 20 n\u00ebntor.<\/p>\n<p>Arta Marku e Fatjona Men\u00e7aj, nuk e kan\u00eb ankimuar rezultatin e KLP-s\u00eb. Sipas KLp-s\u00eb, list\u00ebn e kryeson Olsian \u00c7ela i Krimeve t\u00eb R\u00ebnda.<\/p>\n<p>Pasi dor\u00ebzimit t\u00eb list\u00ebs n\u00eb parlament, Kuvendi ka 30 dit\u00eb koh\u00eb, t\u00eb filloi votimin p\u00ebr \u00a0kandidat\u00ebt mbi zgjedhjen e prokurorit t\u00eb\u00a0p\u00ebrgjithsh\u00ebm.<\/p>\n<p>N\u00ebse Kuvendi d\u00ebshton n\u00eb votim, em\u00ebrimin e b\u00ebn KLP, ku sipas procedur\u00ebs, K\u00ebshilli i Lart\u00eb i Prokuroris\u00eb em\u00ebron kandidatin q\u00eb kryeson list\u00ebn p\u00ebr prokuror t\u00eb p\u00ebrgjithsh\u00ebm.<\/p>","protected":false},"excerpt":{"rendered":"<p>Hapet zyrtarisht gara p\u00ebr pozicionin e kryeprokurorit t\u00eb Shqip\u00ebris\u00eb, ku lista me kandidat\u00ebt do t\u00eb d\u00ebrgohet t\u00eb m\u00ebrkur\u00ebn n\u00eb Kuvend. Lista e kandidat\u00ebve p\u00ebr kryeprokuror, mb\u00ebrrin n\u00eb parlament m\u00eb dat\u00eb 20 n\u00ebntor. Arta Marku e Fatjona Men\u00e7aj, nuk e kan\u00eb ankimuar rezultatin e KLP-s\u00eb. Sipas KLp-s\u00eb, list\u00ebn e kryeson Olsian \u00c7ela i Krimeve t\u00eb R\u00ebnda. [&hellip;]<\/p>\n","protected":false},"author":2013,"featured_media":114532,"comment_status":"open","ping_status":"closed","sticky":false,"template":"","format":"standard","meta":{"footnotes":""},"categories":[241,235],"tags":[],"class_list":{"0":"post-114531","1":"post","2":"type-post","3":"status-publish","4":"format-standard","5":"has-post-thumbnail","7":"category-aktualitet","8":"category-vendi"},"_links":{"self":[{"href":"https:\/\/zjarr.tv\/en\/wp-json\/wp\/v2\/posts\/114531","targetHints":{"allow":["GET"]}}],"collection":[{"href":"https:\/\/zjarr.tv\/en\/wp-json\/wp\/v2\/posts"}],"about":[{"href":"https:\/\/zjarr.tv\/en\/wp-json\/wp\/v2\/types\/post"}],"author":[{"embeddable":true,"href":"https:\/\/zjarr.tv\/en\/wp-json\/wp\/v2\/users\/2013"}],"replies":[{"embeddable":true,"href":"https:\/\/zjarr.tv\/en\/wp-json\/wp\/v2\/comments?post=114531"}],"version-history":[{"count":0,"href":"https:\/\/zjarr.tv\/en\/wp-json\/wp\/v2\/posts\/114531\/revisions"}],"wp:featuredmedia":[{"embeddable":true,"href":"https:\/\/zjarr.tv\/en\/wp-json\/wp\/v2\/media\/114532"}],"wp:attachment":[{"href":"https:\/\/zjarr.tv\/en\/wp-json\/wp\/v2\/media?parent=114531"}],"wp:term":[{"taxonomy":"category","embeddable":true,"href":"https:\/\/zjarr.tv\/en\/wp-json\/wp\/v2\/categories?post=114531"},{"taxonomy":"post_tag","embeddable":true,"href":"https:\/\/zjarr.tv\/en\/wp-json\/wp\/v2\/tags?post=114531"}],"curies":[{"name":"wp","href":"https:\/\/api.w.org\/{rel}","templated":true}]}}