{"id":114534,"date":"2019-11-18T17:06:11","date_gmt":"2019-11-18T16:06:11","guid":{"rendered":"https:\/\/zjarr.tv\/?p=114534"},"modified":"2019-11-18T17:06:11","modified_gmt":"2019-11-18T16:06:11","slug":"borchardt-ngriti-gishtin-po-vlahutin-cfare-do-ngrinte-kryemadhi-pyesni-erion-veliaj","status":"publish","type":"post","link":"https:\/\/zjarr.tv\/en\/borchardt-ngriti-gishtin-po-vlahutin-cfare-do-ngrinte-kryemadhi-pyesni-erion-veliaj\/","title":{"rendered":"\u201cBorchardt ngriti gishtin po Vlahutin \u00e7far\u00eb do ngrinte?\u201d, Kryemadhi: Pyesni Erion Veliaj"},"content":{"rendered":"<p>Gjat\u00eb bashk\u00ebbisedimit t\u00eb sot\u00ebm m\u00eb gazetar\u00ebt, kryetarja e LSI-s\u00eb Monika Kryemadhi ka folur edhe p\u00ebr nd\u00ebrkomb\u00ebtar\u00ebt q\u00eb kan\u00eb qen\u00eb n\u00eb vendin ton\u00eb dhe kan\u00eb mb\u00ebshtetur maxhoranc\u00ebn e kryeministrit Edi Rama.<\/p>\n<p>Kryemadhi p\u00ebrmendi edhe ish-ambasadoren e BE-s\u00eb Romana Vlahutin p\u00ebr q\u00ebndrimin e saj gjat\u00eb koh\u00ebs kur u miratua reforma n\u00eb drejt\u00ebsi.<\/p>\n<p>\u201cVlahutin do t\u00eb thoshte hajde t\u00eb blejm\u00eb votat e opozit\u00ebs por nd\u00ebrkoh\u00eb nuk b\u00ebhej fjal\u00eb p\u00ebr t\u00eb bler\u00eb deputet\u00ebt e opozit\u00ebs sepse ishin votat e LSI-s\u00eb ato q\u00eb garantonin por b\u00ebhej fjal\u00eb p\u00ebr t\u00eb miratuar nj\u00eb reform\u00eb n\u00eb drejt\u00ebsi me unison, me konsensus t\u00eb plot\u00eb politik. N\u00ebse do kishim miratuar nj\u00eb reform\u00eb n\u00eb drejt\u00ebsi pa PD-n\u00eb kur ishte partia kryesore opozitare dhe ishte jasht\u00eb k\u00ebtij procesi, normal q\u00eb kjo reform\u00eb n\u00eb drejt\u00ebsi nuk do ishte e besueshme jo vet\u00ebm p\u00ebr SHBA por as p\u00ebr BE. M\u00eb pas vijm\u00eb n\u00eb nj\u00eb proces tjet\u00ebr, q\u00eb \u00e7far\u00eb ka munguar n\u00eb Shqip\u00ebri nga politika shqiptare asnj\u00ebher\u00eb nuk ka qen\u00eb si rezultat i LSI-s\u00eb, p\u00ebrkundrazi LSI ka qen\u00eb ajo forc\u00eb politike, e cila ka b\u00ebr\u00eb balanc\u00ebn dhe ka vendosur gjithmon\u00eb vendosjen e urave t\u00eb komunikimit dhe ngritjen e projektligjeve apo hartimin e projektligjeve q\u00eb kan\u00eb qen\u00eb shum\u00eb dometh\u00ebn\u00ebse dhe thelb\u00ebsore p\u00ebr partner\u00ebt tan\u00eb. Mos harroni ligjin p\u00ebr sh\u00ebrbimet sekrete n\u00eb korrik t\u00eb 2010 ku pa votat e LSI-s\u00eb dhe me votat e LSI u ndalua nj\u00eb draft i cili cenonte sigurin\u00eb e an\u00ebtar\u00ebsimit t\u00eb Shqip\u00ebris\u00eb q\u00eb ishte n\u00eb NATO dhe me partner\u00ebt tan\u00eb strategjik\u00eb. Mos harroni reform\u00ebn n\u00eb drejt\u00ebsi q\u00eb pa LSI-n\u00eb nuk do t\u00eb realizohej votimi, se p\u00ebr nj\u00eb nen, neni 88 b\u00ebhej gjith\u00eb loja\u201d, deklaroi Kryemadhi.<\/p>\n<p>Nj\u00eb pyetje p\u00ebr Vlahutin e ardhur nga vet\u00eb LSI p\u00ebr Kryemadhin p\u00ebrfshiu n\u00eb p\u00ebrgjigje edhe kryetarin e bashkis\u00eb s\u00eb Tiran\u00ebs Erion Veliaj.<br \/>\n\u201cMir\u00eb zoti Borchardt ngriti gishtin, po t\u00eb ishte znj. Vlahutin \u00e7far\u00eb do ngrinte?\u201d, ishte pyetja.<br \/>\nNd\u00ebrsa Kryemadhi u p\u00ebrgjigj: \u201cAt\u00eb nuk e dim\u00eb, pyesni Erion Veliaj m\u00eb mir\u00eb\u201d.<\/p>\n<div id=\"videoad\"><\/div>\n<p>Ajo shtoi m\u00eb tej se nd\u00ebrkomb\u00ebtar\u00ebt jan\u00eb shum\u00eb t\u00eb qart\u00eb p\u00ebr at\u00eb \u00e7far\u00eb po ndodh. \u201cSigurisht jan\u00eb t\u00eb keqinformuar, sigurisht q\u00eb kan\u00eb pasur nj\u00eb terr informativ p\u00ebr at\u00eb \u00e7ka po ndodh po nd\u00ebrkomb\u00ebtar\u00ebt nuk do t\u00eb b\u00ebhen kurr\u00eb pal\u00eb me asnj\u00eb njeri q\u00eb shkel kushtetut\u00ebn dhe ligjin\u201d, tha Kryemadhi.<\/p>","protected":false},"excerpt":{"rendered":"<p>Gjat\u00eb bashk\u00ebbisedimit t\u00eb sot\u00ebm m\u00eb gazetar\u00ebt, kryetarja e LSI-s\u00eb Monika Kryemadhi ka folur edhe p\u00ebr nd\u00ebrkomb\u00ebtar\u00ebt q\u00eb kan\u00eb qen\u00eb n\u00eb vendin ton\u00eb dhe kan\u00eb mb\u00ebshtetur maxhoranc\u00ebn e kryeministrit Edi Rama. Kryemadhi p\u00ebrmendi edhe ish-ambasadoren e BE-s\u00eb Romana Vlahutin p\u00ebr q\u00ebndrimin e saj gjat\u00eb koh\u00ebs kur u miratua reforma n\u00eb drejt\u00ebsi. \u201cVlahutin do t\u00eb thoshte hajde [&hellip;]<\/p>\n","protected":false},"author":2013,"featured_media":114536,"comment_status":"open","ping_status":"closed","sticky":false,"template":"","format":"standard","meta":{"footnotes":""},"categories":[241,235],"tags":[],"class_list":{"0":"post-114534","1":"post","2":"type-post","3":"status-publish","4":"format-standard","5":"has-post-thumbnail","7":"category-aktualitet","8":"category-vendi"},"_links":{"self":[{"href":"https:\/\/zjarr.tv\/en\/wp-json\/wp\/v2\/posts\/114534","targetHints":{"allow":["GET"]}}],"collection":[{"href":"https:\/\/zjarr.tv\/en\/wp-json\/wp\/v2\/posts"}],"about":[{"href":"https:\/\/zjarr.tv\/en\/wp-json\/wp\/v2\/types\/post"}],"author":[{"embeddable":true,"href":"https:\/\/zjarr.tv\/en\/wp-json\/wp\/v2\/users\/2013"}],"replies":[{"embeddable":true,"href":"https:\/\/zjarr.tv\/en\/wp-json\/wp\/v2\/comments?post=114534"}],"version-history":[{"count":0,"href":"https:\/\/zjarr.tv\/en\/wp-json\/wp\/v2\/posts\/114534\/revisions"}],"wp:featuredmedia":[{"embeddable":true,"href":"https:\/\/zjarr.tv\/en\/wp-json\/wp\/v2\/media\/114536"}],"wp:attachment":[{"href":"https:\/\/zjarr.tv\/en\/wp-json\/wp\/v2\/media?parent=114534"}],"wp:term":[{"taxonomy":"category","embeddable":true,"href":"https:\/\/zjarr.tv\/en\/wp-json\/wp\/v2\/categories?post=114534"},{"taxonomy":"post_tag","embeddable":true,"href":"https:\/\/zjarr.tv\/en\/wp-json\/wp\/v2\/tags?post=114534"}],"curies":[{"name":"wp","href":"https:\/\/api.w.org\/{rel}","templated":true}]}}