{"id":114548,"date":"2019-11-18T17:29:32","date_gmt":"2019-11-18T16:29:32","guid":{"rendered":"https:\/\/zjarr.tv\/?p=114548"},"modified":"2019-11-18T17:29:32","modified_gmt":"2019-11-18T16:29:32","slug":"gjykata-kushtetuese-zedhenesja-e-be-te-zgjidhet-me-urgjence-konflikti-i-interpretimit-reagon-presidenca-lexo-ne-shqip-kushtetuten-mos-u-keqperdor-nga-rilindja","status":"publish","type":"post","link":"https:\/\/zjarr.tv\/en\/gjykata-kushtetuese-zedhenesja-e-be-te-zgjidhet-me-urgjence-konflikti-i-interpretimit-reagon-presidenca-lexo-ne-shqip-kushtetuten-mos-u-keqperdor-nga-rilindja\/","title":{"rendered":"Gjykata Kushtetuese, z\u00ebdh\u00ebn\u00ebsja e BE: T\u00eb zgjidhet me urgjenc\u00eb konflikti i interpretimit. Reagon Presidenca: Lexo n\u00eb shqip Kushtetut\u00ebn, mos u keqp\u00ebrdor nga Rilindja"},"content":{"rendered":"<p>Ng\u00ebr\u00e7i n\u00eb Gjykat\u00ebn Kushtetuese pas debateve p\u00ebr an\u00ebtar\u00ebt e k\u00ebtij institucioni t\u00eb drejt\u00ebsis\u00eb nga maxhoranca dhe Presidenca, ka sjell reagimin nga z\u00ebdh\u00ebn\u00ebsja e BE-s\u00eb, Maja Kocijancic. N\u00eb nj\u00eb deklarat\u00eb p\u00ebr Euronews Albania, Kocijancic tha se nuk i takon Bashkimit Evropian t\u00eb vler\u00ebsoj\u00eb p\u00ebrputhshm\u00ebrin\u00eb e hapave t\u00eb nd\u00ebrmarr\u00eb n\u00eb lidhje me em\u00ebrimin e an\u00ebtar\u00ebve t\u00eb Gjykat\u00ebs Kushtetuese me Kushtetut\u00ebn dhe ligjet p\u00ebrkat\u00ebse. Teksa e v\u00eb theksin te afati 30 ditor p\u00ebr zgjedhjen e an\u00ebtar\u00ebve t\u00eb Kushtetueses, Kocijancic b\u00ebn thirrje q\u00eb konflikti i interpretimit mes pal\u00ebve t\u00eb zgjidhet me urgjenc\u00eb. Kaq ka mjaftuar q\u00eb pas k\u00ebtij reagimi t\u00eb vij\u00eb edhe kund\u00ebrp\u00ebrgjigja nga Presidenca.<\/p>\n<p>P\u00ebrmes nj\u00eb mesazhi n\u00eb \u2018Facebook\u2019 z\u00ebdh\u00ebn\u00ebsi i presidentit Ilir Meta, Ted Blushi i sugjeron Kocijancic q\u00eb t\u00eb lexoj\u00eb Kushtetut\u00ebn. \u201cMaja t\u00eb lexoj\u00eb Kushtetut\u00ebn n\u00eb shqip dhe t\u00eb mos keqp\u00ebrdoret nga Rilindja p\u00ebr lajme dite!\u201d, thuhet n\u00eb mesazhin e Blushit.<\/p>\n<p><strong>REAGIMI I KOCIJANCIC<\/strong><\/p>\n<div id=\"pa_1x1_psbk_1574094555192\"><\/div>\n<p>Reforma n\u00eb drejt\u00ebsi e miratuar unanimisht nga Parlamenti me ndryshimet kushtetuese dhe legjislative t\u00eb vitit 2016 kishte konceptuar renditjen teknike nga K\u00ebshilli i Em\u00ebrimeve n\u00eb Drejt\u00ebsi, kufizimin e diskrecionit t\u00eb organeve t\u00eb em\u00ebrimit me tre kandidat\u00ebt e par\u00eb m\u00eb t\u00eb kualifikuar, si dhe zbatimin e mekanizmit zhbllokues pas skadimit t\u00eb nj\u00eb afati 30-ditor, si mjete t\u00eb r\u00ebnd\u00ebsishme p\u00ebr t\u00eb forcuar parimin e pavar\u00ebsis\u00eb s\u00eb institucioneve t\u00eb drejt\u00ebsis\u00eb, n\u00eb ve\u00e7anti t\u00eb Gjykat\u00ebs Kushtetuese, si dhe parimet e objektivitetit, meritokracis\u00eb dhe vazhdim\u00ebsis\u00eb institucionale n\u00eb lidhje me em\u00ebrimin e zyrtar\u00ebve t\u00eb sistemit t\u00eb drejt\u00ebsis\u00eb.<br \/>\nNj\u00eb interpretim q\u00eb nuk i pranon k\u00ebta element\u00eb thelb\u00ebsor\u00eb t\u00eb mekanizmit t\u00eb em\u00ebrimit, si\u00e7 p\u00ebrcaktohet n\u00eb Kushtetut\u00eb dhe ligjet p\u00ebrkat\u00ebse, v\u00eb n\u00eb pik\u00ebpyetje parimin e shtetit t\u00eb s\u00eb drejt\u00ebs.<br \/>\nNuk i takon Bashkimit Evropian t\u00eb vler\u00ebsoj\u00eb p\u00ebrputhshm\u00ebrin\u00eb e hapave t\u00eb nd\u00ebrmarr\u00eb n\u00eb lidhje me em\u00ebrimin e an\u00ebtar\u00ebve t\u00eb Gjykat\u00ebs Kushtetuese me Kushtetut\u00ebn dhe ligjet p\u00ebrkat\u00ebse.<br \/>\nN\u00eb t\u00eb nj\u00ebjt\u00ebn koh\u00eb, \u00ebsht\u00eb thelb\u00ebsore q\u00eb ky konflikt interpretimi t\u00eb zgjidhet me urgjenc\u00eb, duke marr\u00eb parasysh dispozitat dhe frym\u00ebn e ndryshimeve kushtetuese dhe legjislative t\u00eb vitit 2016, p\u00ebr t\u00eb siguruar q\u00eb Gjykata Kushtetuese t\u00eb b\u00ebhet plot\u00ebsisht funksionale sa m\u00eb shpejt q\u00eb t\u00eb jet\u00eb e mundur.<br \/>\nN\u00eb munges\u00eb t\u00eb nj\u00eb Gjykate Kushtetuese funksionale q\u00eb mund t\u00eb vendos\u00eb mbi k\u00ebt\u00eb interpretim t\u00eb papajtuesh\u00ebm, rekursi p\u00ebr nj\u00eb mendim t\u00eb Komisionit t\u00eb Venecias duket si nj\u00eb zgjidhje efektive p\u00ebr ta trajtuar k\u00ebt\u00eb situat\u00eb si nj\u00eb \u00e7\u00ebshtje me p\u00ebrpar\u00ebsi.<\/p>","protected":false},"excerpt":{"rendered":"<p>Ng\u00ebr\u00e7i n\u00eb Gjykat\u00ebn Kushtetuese pas debateve p\u00ebr an\u00ebtar\u00ebt e k\u00ebtij institucioni t\u00eb drejt\u00ebsis\u00eb nga maxhoranca dhe Presidenca, ka sjell reagimin nga z\u00ebdh\u00ebn\u00ebsja e BE-s\u00eb, Maja Kocijancic. N\u00eb nj\u00eb deklarat\u00eb p\u00ebr Euronews Albania, Kocijancic tha se nuk i takon Bashkimit Evropian t\u00eb vler\u00ebsoj\u00eb p\u00ebrputhshm\u00ebrin\u00eb e hapave t\u00eb nd\u00ebrmarr\u00eb n\u00eb lidhje me em\u00ebrimin e an\u00ebtar\u00ebve t\u00eb Gjykat\u00ebs [&hellip;]<\/p>\n","protected":false},"author":2013,"featured_media":114550,"comment_status":"open","ping_status":"closed","sticky":false,"template":"","format":"standard","meta":{"footnotes":""},"categories":[241,235],"tags":[],"class_list":{"0":"post-114548","1":"post","2":"type-post","3":"status-publish","4":"format-standard","5":"has-post-thumbnail","7":"category-aktualitet","8":"category-vendi"},"_links":{"self":[{"href":"https:\/\/zjarr.tv\/en\/wp-json\/wp\/v2\/posts\/114548","targetHints":{"allow":["GET"]}}],"collection":[{"href":"https:\/\/zjarr.tv\/en\/wp-json\/wp\/v2\/posts"}],"about":[{"href":"https:\/\/zjarr.tv\/en\/wp-json\/wp\/v2\/types\/post"}],"author":[{"embeddable":true,"href":"https:\/\/zjarr.tv\/en\/wp-json\/wp\/v2\/users\/2013"}],"replies":[{"embeddable":true,"href":"https:\/\/zjarr.tv\/en\/wp-json\/wp\/v2\/comments?post=114548"}],"version-history":[{"count":0,"href":"https:\/\/zjarr.tv\/en\/wp-json\/wp\/v2\/posts\/114548\/revisions"}],"wp:featuredmedia":[{"embeddable":true,"href":"https:\/\/zjarr.tv\/en\/wp-json\/wp\/v2\/media\/114550"}],"wp:attachment":[{"href":"https:\/\/zjarr.tv\/en\/wp-json\/wp\/v2\/media?parent=114548"}],"wp:term":[{"taxonomy":"category","embeddable":true,"href":"https:\/\/zjarr.tv\/en\/wp-json\/wp\/v2\/categories?post=114548"},{"taxonomy":"post_tag","embeddable":true,"href":"https:\/\/zjarr.tv\/en\/wp-json\/wp\/v2\/tags?post=114548"}],"curies":[{"name":"wp","href":"https:\/\/api.w.org\/{rel}","templated":true}]}}