{"id":114622,"date":"2019-11-19T14:57:30","date_gmt":"2019-11-19T13:57:30","guid":{"rendered":"https:\/\/zjarr.tv\/?p=114622"},"modified":"2019-11-19T14:57:30","modified_gmt":"2019-11-19T13:57:30","slug":"meta-nenshkruan-kallezimin-penal-per-dvoranin-po-i-jap-nje-mundesi-historike-reformes-ne-drejtesi","status":"publish","type":"post","link":"https:\/\/zjarr.tv\/en\/meta-nenshkruan-kallezimin-penal-per-dvoranin-po-i-jap-nje-mundesi-historike-reformes-ne-drejtesi\/","title":{"rendered":"Meta n\u00ebnshkruan kall\u00ebzimin penal p\u00ebr Dvoranin: Po i jap nj\u00eb mund\u00ebsi historike Reform\u00ebs n\u00eb Drejt\u00ebsi"},"content":{"rendered":"<p>Presidenti Ilir Meta sapo ka n\u00ebnshkruar kall\u00ebzimin penal ndaj kreut t\u00eb K\u00ebshillit t\u00eb Em\u00ebrimeve n\u00eb Drejt\u00ebsi, Ardian Dvorani.<\/p>\n<p>Lajmi \u00ebsht\u00eb b\u00ebr\u00eb i ditur nga vet\u00eb Presidenti Meta, i cili publikon n\u00eb \u201cFacebook\u201d foto duke n\u00ebnshkruar kall\u00ebzimin, nd\u00ebrsa shkruan se po i jep nj\u00eb mund\u00ebsi historike Reform\u00ebs n\u00eb drejt\u00ebsi.<\/p>\n<div id=\"pa_1x1_psbk_1574171723976\"><\/div>\n<p>\u201cT\u00eb dashur qytetar\u00eb! Sapo n\u00ebnshkrova kall\u00ebzimin penal t\u00eb premtuar ndaj Kryetarit t\u00eb K\u00ebshillit t\u00eb Em\u00ebrimeve n\u00eb Drejt\u00ebsi, z.Ardian Dvorani.<\/p>\n<p>Si President i Republik\u00ebs, po i jap nj\u00eb mund\u00ebsi historike Reform\u00ebs n\u00eb Drejt\u00ebsi, p\u00ebr t\u00eb treguar integritetin dhe v\u00ebrtet\u00ebsin\u00eb e saj\u201d, shkruan Meta.<\/p>\n<div class=\"galery-slider\">\n<ul class=\"slides\">\n<li class=\"flex-slider-item\" data-thumb-alt=\"\"><a href=\"https:\/\/balkanweb.com\/wp-content\/uploads\/2019\/11\/76900186_2619946711384919_6982688174057193472_o.jpg\" rel=\"lightbox\"><img decoding=\"async\" draggable=\"false\" src=\"https:\/\/balkanweb.com\/wp-content\/uploads\/2019\/11\/76900186_2619946711384919_6982688174057193472_o.jpg\" alt=\"foto galeri \" \/><\/a><\/li>\n<li class=\"flex-slider-item flex-active-slide\" data-thumb-alt=\"\"><a href=\"https:\/\/balkanweb.com\/wp-content\/uploads\/2019\/11\/76695261_2619946828051574_4153133908084391936_o.jpg\" rel=\"lightbox\"><img decoding=\"async\" draggable=\"false\" src=\"https:\/\/balkanweb.com\/wp-content\/uploads\/2019\/11\/76695261_2619946828051574_4153133908084391936_o.jpg\" alt=\"foto galeri \" \/><\/a><\/li>\n<li class=\"flex-slider-item\" data-thumb-alt=\"\"><a href=\"https:\/\/balkanweb.com\/wp-content\/uploads\/2019\/11\/75576361_2619946954718228_9212641761145389056_o.jpg\" rel=\"lightbox\"><img decoding=\"async\" draggable=\"false\" src=\"https:\/\/balkanweb.com\/wp-content\/uploads\/2019\/11\/75576361_2619946954718228_9212641761145389056_o.jpg\" alt=\"foto galeri \" \/><\/a><\/li>\n<\/ul>\n<\/div>","protected":false},"excerpt":{"rendered":"<p>Presidenti Ilir Meta sapo ka n\u00ebnshkruar kall\u00ebzimin penal ndaj kreut t\u00eb K\u00ebshillit t\u00eb Em\u00ebrimeve n\u00eb Drejt\u00ebsi, Ardian Dvorani. Lajmi \u00ebsht\u00eb b\u00ebr\u00eb i ditur nga vet\u00eb Presidenti Meta, i cili publikon n\u00eb \u201cFacebook\u201d foto duke n\u00ebnshkruar kall\u00ebzimin, nd\u00ebrsa shkruan se po i jep nj\u00eb mund\u00ebsi historike Reform\u00ebs n\u00eb drejt\u00ebsi. \u201cT\u00eb dashur qytetar\u00eb! Sapo n\u00ebnshkrova kall\u00ebzimin penal [&hellip;]<\/p>\n","protected":false},"author":2013,"featured_media":88978,"comment_status":"open","ping_status":"closed","sticky":false,"template":"","format":"standard","meta":{"footnotes":""},"categories":[241,235],"tags":[],"class_list":{"0":"post-114622","1":"post","2":"type-post","3":"status-publish","4":"format-standard","5":"has-post-thumbnail","7":"category-aktualitet","8":"category-vendi"},"_links":{"self":[{"href":"https:\/\/zjarr.tv\/en\/wp-json\/wp\/v2\/posts\/114622","targetHints":{"allow":["GET"]}}],"collection":[{"href":"https:\/\/zjarr.tv\/en\/wp-json\/wp\/v2\/posts"}],"about":[{"href":"https:\/\/zjarr.tv\/en\/wp-json\/wp\/v2\/types\/post"}],"author":[{"embeddable":true,"href":"https:\/\/zjarr.tv\/en\/wp-json\/wp\/v2\/users\/2013"}],"replies":[{"embeddable":true,"href":"https:\/\/zjarr.tv\/en\/wp-json\/wp\/v2\/comments?post=114622"}],"version-history":[{"count":0,"href":"https:\/\/zjarr.tv\/en\/wp-json\/wp\/v2\/posts\/114622\/revisions"}],"wp:featuredmedia":[{"embeddable":true,"href":"https:\/\/zjarr.tv\/en\/wp-json\/wp\/v2\/media\/88978"}],"wp:attachment":[{"href":"https:\/\/zjarr.tv\/en\/wp-json\/wp\/v2\/media?parent=114622"}],"wp:term":[{"taxonomy":"category","embeddable":true,"href":"https:\/\/zjarr.tv\/en\/wp-json\/wp\/v2\/categories?post=114622"},{"taxonomy":"post_tag","embeddable":true,"href":"https:\/\/zjarr.tv\/en\/wp-json\/wp\/v2\/tags?post=114622"}],"curies":[{"name":"wp","href":"https:\/\/api.w.org\/{rel}","templated":true}]}}