{"id":114750,"date":"2019-11-20T13:37:24","date_gmt":"2019-11-20T12:37:24","guid":{"rendered":"https:\/\/zjarr.tv\/?p=114750"},"modified":"2019-11-20T13:37:24","modified_gmt":"2019-11-20T12:37:24","slug":"basha-pas-takimit-me-plenkovic-kroacia-avokate-e-fuqishme-e-shqiperise-per-ne-be","status":"publish","type":"post","link":"https:\/\/zjarr.tv\/en\/basha-pas-takimit-me-plenkovic-kroacia-avokate-e-fuqishme-e-shqiperise-per-ne-be\/","title":{"rendered":"Basha, pas takimit me Plenkovic: Kroacia, avokate e fuqishme e Shqip\u00ebris\u00eb p\u00ebr n\u00eb BE"},"content":{"rendered":"<p>Lulzim Basha, Kryetari i Partis\u00eb Demokratike, ka shprehur k\u00ebnaq\u00ebsin\u00eb e tij q\u00eb \u00ebsht\u00eb pritur sot n\u00eb Kongresin e EPP n\u00eb Zagreb nga kryeministri kroat Andrej Plenkovic. N\u00eb nj\u00eb sh\u00ebnim n\u00eb FB, Basha tregon edhe arsyen e fuqishme q\u00eb e b\u00ebn z.Prenkovic, mik t\u00eb shqiptar\u00ebve dhe tijin personalisht:<\/p>\n<p>\u201cK\u00ebnaq\u00ebsi t\u00eb takoja sot mikprit\u00ebsin e Kongresit t\u00eb EPP n\u00eb Zagreb, kryeministrin e Kroacis\u00eb Andrej Plenkovic. Presidenca e BE nga Kroacia n\u00eb Janar 2020 \u00ebsht\u00eb nj\u00eb lajm shum\u00eb i mir\u00eb p\u00ebr Shqip\u00ebrin\u00eb dhe gjith\u00eb rajonin.<\/p>\n<p>P\u00ebr Shqip\u00ebrin\u00eb nuk ka dhe nuk mund t\u00eb ket\u00eb alternativ\u00eb tjet\u00ebr ve\u00e7 integrimit n\u00eb BE dhe p\u00ebr k\u00ebt\u00eb, Partia Demokratike dhe un\u00eb jemi t\u00eb vendosur t\u00eb nd\u00ebrmarrim \u00e7do vendim dhe hap t\u00eb nevojsh\u00ebm.<\/p>\n<p>Zbatimi i drejt\u00eb i reform\u00ebs n\u00eb drejt\u00ebsi, reforma zgjedhore dhe zbatimi i saj sipas udh\u00ebrr\u00ebfyesit gjerman, garantojn\u00eb shtetin e s\u00eb drejt\u00ebs, ndan politik\u00ebn nga krimi, i jep fund pand\u00ebshkueshm\u00ebris\u00eb, dhe garanton zgjedhje t\u00eb lira e t\u00eb ndershme.<\/p>\n<p>Me mikun tim dhe t\u00eb shqiptar\u00ebve diskutuam hapat p\u00ebr kap\u00ebrcimin e kriz\u00ebs politike n\u00eb vend, e cila konsiderohet nga vendet an\u00ebtare t\u00eb Bashkimit Europian si penges\u00eb serioze p\u00ebr nisjen e bisedimeve t\u00eb an\u00ebtar\u00ebsimit t\u00eb Shqip\u00ebris\u00eb n\u00eb Bashkimin Europian.<\/p>\n<p>Ram\u00eb dakort t\u00eb koordinojm\u00eb veprimet dhe vendimet tona p\u00ebr t\u00eb realizuar t\u00eb gjitha detyrat e sht\u00ebpis\u00eb dhe p\u00ebr t\u00eb mund\u00ebsuar hapjen sa m\u00eb par\u00eb t\u00eb negociatave. Kryeministri Plenkovic m\u00eb garantoi se Kroacia do t\u00eb vijoj\u00eb t\u00eb jet\u00eb avokate e fuqishme e Shqip\u00ebris\u00eb n\u00eb procesin e an\u00ebtar\u00ebsimit n\u00eb BE.\u201d<\/p>","protected":false},"excerpt":{"rendered":"<p>Lulzim Basha, Kryetari i Partis\u00eb Demokratike, ka shprehur k\u00ebnaq\u00ebsin\u00eb e tij q\u00eb \u00ebsht\u00eb pritur sot n\u00eb Kongresin e EPP n\u00eb Zagreb nga kryeministri kroat Andrej Plenkovic. N\u00eb nj\u00eb sh\u00ebnim n\u00eb FB, Basha tregon edhe arsyen e fuqishme q\u00eb e b\u00ebn z.Prenkovic, mik t\u00eb shqiptar\u00ebve dhe tijin personalisht: \u201cK\u00ebnaq\u00ebsi t\u00eb takoja sot mikprit\u00ebsin e Kongresit t\u00eb [&hellip;]<\/p>\n","protected":false},"author":2013,"featured_media":114751,"comment_status":"open","ping_status":"closed","sticky":false,"template":"","format":"standard","meta":{"footnotes":""},"categories":[241,235],"tags":[],"class_list":{"0":"post-114750","1":"post","2":"type-post","3":"status-publish","4":"format-standard","5":"has-post-thumbnail","7":"category-aktualitet","8":"category-vendi"},"_links":{"self":[{"href":"https:\/\/zjarr.tv\/en\/wp-json\/wp\/v2\/posts\/114750","targetHints":{"allow":["GET"]}}],"collection":[{"href":"https:\/\/zjarr.tv\/en\/wp-json\/wp\/v2\/posts"}],"about":[{"href":"https:\/\/zjarr.tv\/en\/wp-json\/wp\/v2\/types\/post"}],"author":[{"embeddable":true,"href":"https:\/\/zjarr.tv\/en\/wp-json\/wp\/v2\/users\/2013"}],"replies":[{"embeddable":true,"href":"https:\/\/zjarr.tv\/en\/wp-json\/wp\/v2\/comments?post=114750"}],"version-history":[{"count":0,"href":"https:\/\/zjarr.tv\/en\/wp-json\/wp\/v2\/posts\/114750\/revisions"}],"wp:featuredmedia":[{"embeddable":true,"href":"https:\/\/zjarr.tv\/en\/wp-json\/wp\/v2\/media\/114751"}],"wp:attachment":[{"href":"https:\/\/zjarr.tv\/en\/wp-json\/wp\/v2\/media?parent=114750"}],"wp:term":[{"taxonomy":"category","embeddable":true,"href":"https:\/\/zjarr.tv\/en\/wp-json\/wp\/v2\/categories?post=114750"},{"taxonomy":"post_tag","embeddable":true,"href":"https:\/\/zjarr.tv\/en\/wp-json\/wp\/v2\/tags?post=114750"}],"curies":[{"name":"wp","href":"https:\/\/api.w.org\/{rel}","templated":true}]}}