{"id":114816,"date":"2019-11-20T14:32:13","date_gmt":"2019-11-20T13:32:13","guid":{"rendered":"https:\/\/zjarr.tv\/?p=114816"},"modified":"2019-11-20T14:32:13","modified_gmt":"2019-11-20T13:32:13","slug":"luan-rama-ti-themi-ndal-duarve-te-pista-te-politikes-ne-reformen-ne-drejtesi","status":"publish","type":"post","link":"https:\/\/zjarr.tv\/en\/luan-rama-ti-themi-ndal-duarve-te-pista-te-politikes-ne-reformen-ne-drejtesi\/","title":{"rendered":"Luan Rama: T\u2019i themi \u2018ndal\u2019 duarve t\u00eb pista t\u00eb politik\u00ebs n\u00eb reform\u00ebn n\u00eb drejt\u00ebsi"},"content":{"rendered":"<p>Z\u00ebvend\u00ebskryetari i LSI-s\u00eb Luan Rama n\u00eb nj\u00eb dalje publike p\u00ebr mediat i b\u00ebri thirrje maxhoranc\u00ebs q\u00eb t\u00eb heq\u00eb \u2018dor\u00eb\u2019 nga kapja e reform\u00ebs n\u00eb drejt\u00ebsi dhe Gjykat\u00ebs Kushtetuese.<\/p>\n<p>Me ton\u00ebn t\u00eb ashpra Luan Rama theksoi se \u00ebsht\u00eb momenti q\u00eb t\u2019i jepet fund futjes s\u00eb duarve t\u00eb politik\u00ebs n\u00eb reform\u00ebs n\u00eb drejt\u00ebsi.<\/p>\n<p>\u201cAjo q\u00eb po ndodh n\u00eb Gjykat\u00ebn Kushtetuese dhe p\u00ebrpjekja p\u00ebr ta zaptuar zbulon qasjen e qeveris\u00eb p\u00ebr t\u00eb kapur reform\u00ebn n\u00eb drejt\u00ebsi, \u00ebsht\u00eb momenti per ti dh\u00ebn\u00eb ndal duarve t\u00eb politik\u00ebs dhe ndal ndaj reform\u00ebs n\u00eb drejt\u00ebsi. Ndal duarve t\u00eb pista t\u00eb politik\u00ebs n\u00eb sistemin e drejt\u00ebsi. Duan t\u00eb kapin jo vet\u00ebm reform\u00ebn por edhe t\u00eb komprometojn\u00eb qytetar\u00ebt. Lufta e shpallur nga ana e maxhoranc\u00ebs dhe qeveris\u00eb p\u00ebr t\u00eb kapur gjykat\u00ebn Kushtetuese, \u00ebsht\u00eb luft\u00eb kund\u00ebr Kushtetut\u00ebs\u201d, tha Luan Rama.<\/p>","protected":false},"excerpt":{"rendered":"<p>Z\u00ebvend\u00ebskryetari i LSI-s\u00eb Luan Rama n\u00eb nj\u00eb dalje publike p\u00ebr mediat i b\u00ebri thirrje maxhoranc\u00ebs q\u00eb t\u00eb heq\u00eb \u2018dor\u00eb\u2019 nga kapja e reform\u00ebs n\u00eb drejt\u00ebsi dhe Gjykat\u00ebs Kushtetuese. Me ton\u00ebn t\u00eb ashpra Luan Rama theksoi se \u00ebsht\u00eb momenti q\u00eb t\u2019i jepet fund futjes s\u00eb duarve t\u00eb politik\u00ebs n\u00eb reform\u00ebs n\u00eb drejt\u00ebsi. \u201cAjo q\u00eb po ndodh [&hellip;]<\/p>\n","protected":false},"author":2013,"featured_media":62302,"comment_status":"open","ping_status":"closed","sticky":false,"template":"","format":"standard","meta":{"footnotes":""},"categories":[241,235],"tags":[],"class_list":{"0":"post-114816","1":"post","2":"type-post","3":"status-publish","4":"format-standard","5":"has-post-thumbnail","7":"category-aktualitet","8":"category-vendi"},"_links":{"self":[{"href":"https:\/\/zjarr.tv\/en\/wp-json\/wp\/v2\/posts\/114816","targetHints":{"allow":["GET"]}}],"collection":[{"href":"https:\/\/zjarr.tv\/en\/wp-json\/wp\/v2\/posts"}],"about":[{"href":"https:\/\/zjarr.tv\/en\/wp-json\/wp\/v2\/types\/post"}],"author":[{"embeddable":true,"href":"https:\/\/zjarr.tv\/en\/wp-json\/wp\/v2\/users\/2013"}],"replies":[{"embeddable":true,"href":"https:\/\/zjarr.tv\/en\/wp-json\/wp\/v2\/comments?post=114816"}],"version-history":[{"count":0,"href":"https:\/\/zjarr.tv\/en\/wp-json\/wp\/v2\/posts\/114816\/revisions"}],"wp:featuredmedia":[{"embeddable":true,"href":"https:\/\/zjarr.tv\/en\/wp-json\/wp\/v2\/media\/62302"}],"wp:attachment":[{"href":"https:\/\/zjarr.tv\/en\/wp-json\/wp\/v2\/media?parent=114816"}],"wp:term":[{"taxonomy":"category","embeddable":true,"href":"https:\/\/zjarr.tv\/en\/wp-json\/wp\/v2\/categories?post=114816"},{"taxonomy":"post_tag","embeddable":true,"href":"https:\/\/zjarr.tv\/en\/wp-json\/wp\/v2\/tags?post=114816"}],"curies":[{"name":"wp","href":"https:\/\/api.w.org\/{rel}","templated":true}]}}