{"id":114819,"date":"2019-11-20T14:33:27","date_gmt":"2019-11-20T13:33:27","guid":{"rendered":"https:\/\/zjarr.tv\/?p=114819"},"modified":"2019-11-20T14:33:27","modified_gmt":"2019-11-20T13:33:27","slug":"6-vjetori-i-ndarjes-nga-jeta-te-sokol-olldashit-basha-e-kujton-me-nje-foto-me-djalin-e-ish-deputetit","status":"publish","type":"post","link":"https:\/\/zjarr.tv\/en\/6-vjetori-i-ndarjes-nga-jeta-te-sokol-olldashit-basha-e-kujton-me-nje-foto-me-djalin-e-ish-deputetit\/","title":{"rendered":"6 vjetori i ndarjes nga jeta t\u00eb Sokol Olldashit, Basha e kujton me nj\u00eb foto m\u00eb djalin e ish deputetit"},"content":{"rendered":"<div class=\"readmore-text-here\">\n<p>Kryetari i Partis\u00eb Demokratike Lulzim Basha e ka p\u00ebrkujtuar n\u00eb nj\u00eb m\u00ebnyr\u00eb t\u00eb ve\u00e7ant\u00eb ish deputetin e ndjer\u00eb Sokol Olldashi.<\/p>\n<p>Ai ka ndar\u00eb m\u00eb ndjek\u00ebsit e tij nj\u00eb foto me djalin e Olldashit, Glaukun ku shkruan se ai \u201cdo t\u00eb ishte krenar t\u00eb shikonte se si djali i tij i madh, Glauku,\u00a0 po ec\u00ebn ne gjurm\u00ebt e tij\u201d.<\/p>\n<p>Ja postimi i plot\u00eb i Lulzim Bash\u00ebs:<\/p>\n<p>Sokol Olldashi do t\u00eb ishte krenar t\u00eb shikonte se si djali i tij i madh, Glauku,\u00a0 po ec\u00ebn ne gjurm\u00ebt e tij. Jam i bindur se Glauku, t\u00eb rinjt\u00eb demokrat\u00eb dhe rinia shqiptare do ta p\u00ebrmbushin me sukses misionin e Shqip\u00ebris\u00eb si gjith\u00eb Europa.<\/p>\n<p>Na mungon Sokoli<\/p>\n<p><img decoding=\"async\" src=\"https:\/\/www.syri.net\/uploads\/syri.net\/images\/2019\/November\/20\/auto_dccfb3bf-e49f-4c2b-9cb6-5d6789c3fcf21574256516.jpg\" alt=\"Image\" \/><\/p>\n<\/div>\n<div id=\"rekl-33\"><\/div>\n<p>&nbsp;<\/p>","protected":false},"excerpt":{"rendered":"<p>Kryetari i Partis\u00eb Demokratike Lulzim Basha e ka p\u00ebrkujtuar n\u00eb nj\u00eb m\u00ebnyr\u00eb t\u00eb ve\u00e7ant\u00eb ish deputetin e ndjer\u00eb Sokol Olldashi. Ai ka ndar\u00eb m\u00eb ndjek\u00ebsit e tij nj\u00eb foto me djalin e Olldashit, Glaukun ku shkruan se ai \u201cdo t\u00eb ishte krenar t\u00eb shikonte se si djali i tij i madh, Glauku,\u00a0 po ec\u00ebn ne [&hellip;]<\/p>\n","protected":false},"author":2013,"featured_media":114820,"comment_status":"open","ping_status":"closed","sticky":false,"template":"","format":"standard","meta":{"footnotes":""},"categories":[241,235],"tags":[],"class_list":{"0":"post-114819","1":"post","2":"type-post","3":"status-publish","4":"format-standard","5":"has-post-thumbnail","7":"category-aktualitet","8":"category-vendi"},"_links":{"self":[{"href":"https:\/\/zjarr.tv\/en\/wp-json\/wp\/v2\/posts\/114819","targetHints":{"allow":["GET"]}}],"collection":[{"href":"https:\/\/zjarr.tv\/en\/wp-json\/wp\/v2\/posts"}],"about":[{"href":"https:\/\/zjarr.tv\/en\/wp-json\/wp\/v2\/types\/post"}],"author":[{"embeddable":true,"href":"https:\/\/zjarr.tv\/en\/wp-json\/wp\/v2\/users\/2013"}],"replies":[{"embeddable":true,"href":"https:\/\/zjarr.tv\/en\/wp-json\/wp\/v2\/comments?post=114819"}],"version-history":[{"count":0,"href":"https:\/\/zjarr.tv\/en\/wp-json\/wp\/v2\/posts\/114819\/revisions"}],"wp:featuredmedia":[{"embeddable":true,"href":"https:\/\/zjarr.tv\/en\/wp-json\/wp\/v2\/media\/114820"}],"wp:attachment":[{"href":"https:\/\/zjarr.tv\/en\/wp-json\/wp\/v2\/media?parent=114819"}],"wp:term":[{"taxonomy":"category","embeddable":true,"href":"https:\/\/zjarr.tv\/en\/wp-json\/wp\/v2\/categories?post=114819"},{"taxonomy":"post_tag","embeddable":true,"href":"https:\/\/zjarr.tv\/en\/wp-json\/wp\/v2\/tags?post=114819"}],"curies":[{"name":"wp","href":"https:\/\/api.w.org\/{rel}","templated":true}]}}