{"id":114822,"date":"2019-11-20T14:34:57","date_gmt":"2019-11-20T13:34:57","guid":{"rendered":"https:\/\/zjarr.tv\/?p=114822"},"modified":"2019-11-20T14:34:57","modified_gmt":"2019-11-20T13:34:57","slug":"buxheti-i-ri-pd-ne-2020-shteti-jep-120-milone-euro-per-koncesionet-e-rames","status":"publish","type":"post","link":"https:\/\/zjarr.tv\/en\/buxheti-i-ri-pd-ne-2020-shteti-jep-120-milone-euro-per-koncesionet-e-rames\/","title":{"rendered":"Buxheti i ri, PD: N\u00eb 2020, shteti jep 120 milon\u00eb euro p\u00ebr koncesionet e Ram\u00ebs"},"content":{"rendered":"<p>Pas votimit n\u00eb Komisonin e Ekonomos\u00eb s\u00eb nj\u00eb buxheti q\u00eb jep 120 milion\u00eb euro n\u00eb vit p\u00ebr 13 koncesione ka reaguar n\u00eb nj\u00eb dalje p\u00ebr mediat Dorian Teliti, Drejtor i kabinetit t\u00eb Partis\u00eb Demokratike.<\/p>\n<p>\u201cParlamenti votoi n\u00eb Komisionin e Ekonomis\u00eb buxhetin q\u00eb jep 120 milion\u00eb euro n\u00eb vit p\u00ebr 13 koncesione, nd\u00ebrsa nuk ka para p\u00ebr rritjen\u00a0 e rrogave\u201d, tha ai.<\/p>\n<div class=\"in-artile-read-more\"><\/div>\n<p>Ja deklarata e plot\u00eb e Dorian Teliti, drejtor i kabinetit t\u00eb partis\u00eb demokratike:<\/p>\n<div id=\"rekl-13\">\n<div id=\"__sap-ad-15\" class=\"__sap-ads __sap-html tracked\" data-title=\"Credins desktop 08\"><ins><\/p>\n<div id=\"beacon_0ace278964\"><img loading=\"lazy\" decoding=\"async\" src=\"https:\/\/ads1.medium.al\/www\/delivery\/lg.php?bannerid=369&amp;campaignid=48&amp;zoneid=232&amp;loc=https%3A%2F%2Fwww.syri.net%2Fpolitike%2F295734%2Fbuxheti-i-ri-pd-ne-2020-shteti-jep-120-milone-euro-per-koncesionet-e-rames%2F&amp;referer=https%3A%2F%2Fwww.syri.net%2Flajme%2F&amp;cb=0ace278964\" alt=\"\" width=\"0\" height=\"0\" \/>Parlamenti u tall sot me djers\u00ebn e shqiptar\u00ebve, duke mbrojtur dhe duke votuar n\u00eb komisionin e ekonomis\u00eb buxhetin e v\u00ebn\u00eb n\u00eb sh\u00ebrbim t\u00eb koncesioneve korruptive\u00a0 t\u00eb disa oligark\u00ebve.<\/div>\n<p><\/ins><\/div>\n<\/div>\n<p>Edhe ky buxhet konfirmon se qeveria nuk ka prioritet qytetar\u00ebt, por nj\u00eb grusht miqsh e klient\u00ebsh t\u00eb Edi Ram\u00ebs, q\u00eb po pasurohen duke grabitur parat\u00eb e shqiptar\u00ebve.<\/p>\n<p>Jan\u00eb 120 milion\u00eb euro q\u00eb do t\u2019u paguhen financuesve t\u00eb Edi Ram\u00ebs p\u00ebrmes koncesioneve q\u00eb i kan\u00eb marr\u00eb pa gar\u00eb, pa transparenc\u00eb dhe n\u00eb kund\u00ebrshtim me interesin publik.<\/p>\n<p>Kjo \u00ebsht\u00eb qeveria q\u00eb shikon vet\u00ebm interesin e xhepit t\u00eb vet dhe \u00ebsht\u00eb qeveria e vetme, t\u00eb pakt\u00ebn n\u00eb rajon, q\u00eb nuk ka asnj\u00eb politik\u00eb zhvillimore, asnj\u00eb politik\u00eb leht\u00ebsuese p\u00ebr qytetar\u00ebt dhe ekonomin\u00eb e vendit.<\/p>\n<p>Q\u00ebndrimi i ministres s\u00eb Financave n\u00eb komisionin e ekonomis\u00eb dhe paraardh\u00ebsit t\u00eb saj vet\u00ebm sa rikonfirmuan faktin se ata, nj\u00ebsoj si Edi Rama, i sh\u00ebrbejn\u00eb disa oligark\u00ebve q\u00eb pasurohen me parat\u00eb e shqiptar\u00ebve dhe nuk duan t\u2019ia din\u00eb p\u00ebr shqiptar\u00ebt e zakonsh\u00ebm q\u00eb jetojn\u00eb me djers\u00eb.<\/p>\n<p>Buxheti i thellimit t\u00eb varf\u00ebrimit t\u00eb shqiptar\u00ebve, i falimentimit t\u00eb bizneseve, i mbijetes\u00ebs s\u00eb familjeve , nuk parashikon rritje rrogash per mjeket, infermieret, arsimtaret dhe punonj\u00ebsit e administrat\u00ebs publike.<\/p>\n<p>Ky buxhet nuk siguroj rritje reale p\u00ebr 650 mij\u00eb pensionist\u00eb.<\/p>\n<p>N\u00eb vend t\u00eb mb\u00ebshtetjes s\u00eb qytetar\u00ebve, Edi Rama do t\u2019u jap\u00eb klient\u00ebve t\u00eb vet vet\u00ebm n\u00eb nj\u00eb vit me koncesione 120 milion\u00eb euro.<\/p>\n<p>K\u00ebto jan\u00eb nj\u00eb grusht kontratash PPP, te cilat, si\u00e7 shprehet Banka Europiane p\u00ebr Rind\u00ebrtim dhe Zhvilim, n\u00eb raportin e\u00a0 saj te fundit, jan\u00eb kontrata t\u00eb pabazuara n\u00eb studime fizibiliteti, jan\u00eb me kosto te larta sociale dhe u jan\u00eb dh\u00ebn\u00eb pa konkurenc\u00eb firmave pa kapacitete t\u00eb mjaftueshme financiare.<\/p>\n<p>Nd\u00ebrkoh\u00eb q\u00eb qeveria do t\u00eb paguaj\u00eb 30 milion\u00eb euro me shume sesa viti aktual p\u00ebr k\u00ebto kontrata PPP, pa e vrar\u00eb dhe pa u shqet\u00ebsuar, qeveria nuk nguron te uli fondet p\u00ebr investimet e nevojshme publike n\u00eb rruge, uj\u00ebsjell\u00ebs kanalizime, arsimin e mes\u00ebm profesional dhe t\u00eb tjera programe te r\u00ebnd\u00ebsishme buxhetore.<\/p>\n<p>Kur Partia Demokratike t\u00eb marr\u00eb besimin e shqiptar\u00ebve me zgjedhje t\u00eb lira e t\u00eb ndershme, \u00e7do koncesion dhe PPP korruptive do t\u00eb anullohet!<\/p>\n<p>Parat\u00eb q\u00eb u jan\u00eb vjedhur shqiptar\u00ebve do t\u00eb shkojn\u00eb p\u00ebr rim\u00ebk\u00ebmbjen e ekonomis\u00eb s\u00eb shqiptareve te ndershem qe e duan Shqip\u00ebrin\u00eb dhe duan ta nd\u00ebrtojn\u00eb t\u00eb ardhmen e tyre k\u00ebtu, ne vendin e tyre.<\/p>\n<p><iframe loading=\"lazy\" src=\"https:\/\/www.facebook.com\/plugins\/video.php?href=https%3A%2F%2Fwww.facebook.com%2Fpartiademokratike%2Fvideos%2F2368063166840690%2F&amp;show_text=0&amp;width=560\" width=\"560\" height=\"315\" frameborder=\"0\" scrolling=\"no\" allowfullscreen=\"allowfullscreen\" data-mce-fragment=\"1\"><\/iframe><\/p>\n<p><img decoding=\"async\" src=\"https:\/\/www.syri.net\/uploads\/syri.net\/images\/2019\/November\/20\/auto_1279d79a-1460-4a6b-91cf-707a061b43a21574255529.jpg\" alt=\"Image\" \/><\/p>","protected":false},"excerpt":{"rendered":"<p>Pas votimit n\u00eb Komisonin e Ekonomos\u00eb s\u00eb nj\u00eb buxheti q\u00eb jep 120 milion\u00eb euro n\u00eb vit p\u00ebr 13 koncesione ka reaguar n\u00eb nj\u00eb dalje p\u00ebr mediat Dorian Teliti, Drejtor i kabinetit t\u00eb Partis\u00eb Demokratike. \u201cParlamenti votoi n\u00eb Komisionin e Ekonomis\u00eb buxhetin q\u00eb jep 120 milion\u00eb euro n\u00eb vit p\u00ebr 13 koncesione, nd\u00ebrsa nuk ka para [&hellip;]<\/p>\n","protected":false},"author":2013,"featured_media":57918,"comment_status":"open","ping_status":"closed","sticky":false,"template":"","format":"standard","meta":{"footnotes":""},"categories":[241,235],"tags":[],"class_list":{"0":"post-114822","1":"post","2":"type-post","3":"status-publish","4":"format-standard","5":"has-post-thumbnail","7":"category-aktualitet","8":"category-vendi"},"_links":{"self":[{"href":"https:\/\/zjarr.tv\/en\/wp-json\/wp\/v2\/posts\/114822","targetHints":{"allow":["GET"]}}],"collection":[{"href":"https:\/\/zjarr.tv\/en\/wp-json\/wp\/v2\/posts"}],"about":[{"href":"https:\/\/zjarr.tv\/en\/wp-json\/wp\/v2\/types\/post"}],"author":[{"embeddable":true,"href":"https:\/\/zjarr.tv\/en\/wp-json\/wp\/v2\/users\/2013"}],"replies":[{"embeddable":true,"href":"https:\/\/zjarr.tv\/en\/wp-json\/wp\/v2\/comments?post=114822"}],"version-history":[{"count":0,"href":"https:\/\/zjarr.tv\/en\/wp-json\/wp\/v2\/posts\/114822\/revisions"}],"wp:featuredmedia":[{"embeddable":true,"href":"https:\/\/zjarr.tv\/en\/wp-json\/wp\/v2\/media\/57918"}],"wp:attachment":[{"href":"https:\/\/zjarr.tv\/en\/wp-json\/wp\/v2\/media?parent=114822"}],"wp:term":[{"taxonomy":"category","embeddable":true,"href":"https:\/\/zjarr.tv\/en\/wp-json\/wp\/v2\/categories?post=114822"},{"taxonomy":"post_tag","embeddable":true,"href":"https:\/\/zjarr.tv\/en\/wp-json\/wp\/v2\/tags?post=114822"}],"curies":[{"name":"wp","href":"https:\/\/api.w.org\/{rel}","templated":true}]}}