{"id":114830,"date":"2019-11-20T14:53:53","date_gmt":"2019-11-20T13:53:53","guid":{"rendered":"https:\/\/zjarr.tv\/?p=114830"},"modified":"2019-11-20T14:53:53","modified_gmt":"2019-11-20T13:53:53","slug":"larg-duart-nga-kushtetuesja-presidenca-reagon-ndaj-balles-deklaratat-presione-te-dhunshme-dhe-te-qarta-politike-ndaj-organit-te-akuzes","status":"publish","type":"post","link":"https:\/\/zjarr.tv\/en\/larg-duart-nga-kushtetuesja-presidenca-reagon-ndaj-balles-deklaratat-presione-te-dhunshme-dhe-te-qarta-politike-ndaj-organit-te-akuzes\/","title":{"rendered":"\u2018Larg duart nga Kushtetuesja!\u2019 Presidenca reagon ndaj Ball\u00ebs: Deklaratat, presione t\u00eb dhunshme dhe t\u00eb qarta politike ndaj organit t\u00eb akuz\u00ebs"},"content":{"rendered":"<p>Z\u00ebdh\u00ebn\u00ebsi i Presidentit Ilir Meta, Tedi Blushi, ka reaguar pas deklarat\u00ebs s\u00eb kreut t\u00eb Grupit Parlamentar t\u00eb PS, Taulant Balla, i cili tha se Presidenti nuk mund ta shp\u00ebrndaj\u00eb Parlamentin, por ky i fundit mund ta shkarkoj\u00eb Kreun e Shtetit.<\/p>\n<p>P\u00ebrmes nj\u00eb postimi n\u00eb \u201cFacebook\u201d, Blushi i quan t\u00eb sh\u00ebmtuara dhe t\u00eb d\u00ebnueshme deklaratat e Ball\u00ebs, nd\u00ebrsa shton se jan\u00eb presione t\u00eb dhunshme dhe t\u00eb qarta politike ndaj organit t\u00eb akuz\u00ebs p\u00ebr t\u00eb mos vepruar ndaj kall\u00ebzimit penal t\u00eb Presidentit ndaj kreut t\u00eb KED, Ardian Dvorani.<\/p>\n<p>\u201cDeklaratat e sh\u00ebmtuara dhe t\u00eb d\u00ebnueshme t\u00eb z.Balla jan\u00eb presione t\u00eb dhunshme dhe t\u00eb qarta politike ndaj organit t\u00eb akuz\u00ebs, p\u00ebr t\u00eb mos vepruar menj\u00ebher\u00eb ndaj kall\u00ebzimit penal t\u00eb depozituar dje nga Presidenti i Republik\u00ebs ndaj z.Ardian Dvorani, besnikut t\u00eb partis\u00eb dhe dhunuesit t\u00eb vet\u00ebdijsh\u00ebm t\u00eb ligjit dhe Kushtetut\u00ebs.<\/p>\n<p>Presidenti Meta ka qen\u00eb shum\u00eb i qart\u00eb dhe KA PARALAJM\u00cbRUAR PRER\u00cb se n\u00eb t\u00eb ardhmen NUK DO T\u00cb TOLEROJ\u00cb M\u00cb, as shkeljen m\u00eb t\u00eb vog\u00ebl t\u00eb procedurave, q\u00eb synon kapjen mafioze t\u00eb Reform\u00ebs n\u00eb Drejt\u00ebsi, q\u00eb tani ndodhet para nj\u00eb momenti historik p\u00ebr t\u00eb d\u00ebshmuar integritetin dhe v\u00ebrtet\u00ebsin\u00eb e saj! P\u00ebr k\u00ebdo q\u00eb nuk e ka kuptuar qart\u00eb, PARALAJM\u00cbRIMI \u00cbSHT\u00cb I PRER\u00cb: LARG DUART NGA GJYKATA KUSHTETUESE! TE GJYKATA KUSHTETUESE VIJA \u00cbSHT\u00cb E KUQE, DHE \u00cbSHT\u00cb E KUQE FLAK\u00cb!\u201d, shkruan Blushi.<\/p>","protected":false},"excerpt":{"rendered":"<p>Z\u00ebdh\u00ebn\u00ebsi i Presidentit Ilir Meta, Tedi Blushi, ka reaguar pas deklarat\u00ebs s\u00eb kreut t\u00eb Grupit Parlamentar t\u00eb PS, Taulant Balla, i cili tha se Presidenti nuk mund ta shp\u00ebrndaj\u00eb Parlamentin, por ky i fundit mund ta shkarkoj\u00eb Kreun e Shtetit. P\u00ebrmes nj\u00eb postimi n\u00eb \u201cFacebook\u201d, Blushi i quan t\u00eb sh\u00ebmtuara dhe t\u00eb d\u00ebnueshme deklaratat e [&hellip;]<\/p>\n","protected":false},"author":2013,"featured_media":43819,"comment_status":"open","ping_status":"closed","sticky":false,"template":"","format":"standard","meta":{"footnotes":""},"categories":[241,235],"tags":[],"class_list":{"0":"post-114830","1":"post","2":"type-post","3":"status-publish","4":"format-standard","5":"has-post-thumbnail","7":"category-aktualitet","8":"category-vendi"},"_links":{"self":[{"href":"https:\/\/zjarr.tv\/en\/wp-json\/wp\/v2\/posts\/114830","targetHints":{"allow":["GET"]}}],"collection":[{"href":"https:\/\/zjarr.tv\/en\/wp-json\/wp\/v2\/posts"}],"about":[{"href":"https:\/\/zjarr.tv\/en\/wp-json\/wp\/v2\/types\/post"}],"author":[{"embeddable":true,"href":"https:\/\/zjarr.tv\/en\/wp-json\/wp\/v2\/users\/2013"}],"replies":[{"embeddable":true,"href":"https:\/\/zjarr.tv\/en\/wp-json\/wp\/v2\/comments?post=114830"}],"version-history":[{"count":0,"href":"https:\/\/zjarr.tv\/en\/wp-json\/wp\/v2\/posts\/114830\/revisions"}],"wp:featuredmedia":[{"embeddable":true,"href":"https:\/\/zjarr.tv\/en\/wp-json\/wp\/v2\/media\/43819"}],"wp:attachment":[{"href":"https:\/\/zjarr.tv\/en\/wp-json\/wp\/v2\/media?parent=114830"}],"wp:term":[{"taxonomy":"category","embeddable":true,"href":"https:\/\/zjarr.tv\/en\/wp-json\/wp\/v2\/categories?post=114830"},{"taxonomy":"post_tag","embeddable":true,"href":"https:\/\/zjarr.tv\/en\/wp-json\/wp\/v2\/tags?post=114830"}],"curies":[{"name":"wp","href":"https:\/\/api.w.org\/{rel}","templated":true}]}}