{"id":115405,"date":"2019-11-24T17:30:48","date_gmt":"2019-11-24T16:30:48","guid":{"rendered":"https:\/\/zjarr.tv\/?p=115405"},"modified":"2019-11-24T13:11:20","modified_gmt":"2019-11-24T12:11:20","slug":"dy-shqiptare-bejne-per-spital-policin-grek","status":"publish","type":"post","link":"https:\/\/zjarr.tv\/en\/dy-shqiptare-bejne-per-spital-policin-grek\/","title":{"rendered":"Dy shqiptar\u00eb b\u00ebjn\u00eb p\u00ebr spital policin grek"},"content":{"rendered":"<p>Dy shqiptar\u00eb dhe nj\u00eb grek jan\u00eb ndaluar nga policia, pasi kan\u00eb dhunuar nj\u00eb polic.<\/p>\n<p>Ngjarja ka ndodhur pasditen e djeshme n\u00eb Melissia, Atika, Greqi.<\/p>\n<div id=\"rekl-28\"><\/div>\n<p>Sipas asaj q\u00eb shkruajn\u00eb mediat greke, punonj\u00ebsi i policis\u00eb ka dashur t\u00eb ndaloj\u00eb tre t\u00eb dyshuarit, por k\u00ebta t\u00eb fundit e kan\u00eb dhunuar, duke e b\u00ebr\u00eb p\u00ebr spital.<\/p>\n<div id=\"rekl-13\">\n<div id=\"__sap-ad-15\" class=\"__sap-ads __sap-html tracked\" data-title=\"Credins desktop 08\"><\/div>\n<\/div>\n<p>N\u00eb ndihm\u00eb t\u00eb policit kan\u00eb ardhur, koleg\u00ebt e tij, t\u00eb cil\u00ebt m\u00eb pas kan\u00eb ndaluar dy shqiptar\u00ebt dhe grekun.<\/p>\n<p>Ende nuk dihen arsyet se pse ndodhi ngjarja.<\/p>","protected":false},"excerpt":{"rendered":"<p>Dy shqiptar\u00eb dhe nj\u00eb grek jan\u00eb ndaluar nga policia, pasi kan\u00eb dhunuar nj\u00eb polic. Ngjarja ka ndodhur pasditen e djeshme n\u00eb Melissia, Atika, Greqi. Sipas asaj q\u00eb shkruajn\u00eb mediat greke, punonj\u00ebsi i policis\u00eb ka dashur t\u00eb ndaloj\u00eb tre t\u00eb dyshuarit, por k\u00ebta t\u00eb fundit e kan\u00eb dhunuar, duke e b\u00ebr\u00eb p\u00ebr spital. N\u00eb ndihm\u00eb t\u00eb [&hellip;]<\/p>\n","protected":false},"author":2013,"featured_media":115407,"comment_status":"open","ping_status":"closed","sticky":false,"template":"","format":"standard","meta":{"footnotes":""},"categories":[241,235],"tags":[],"class_list":{"0":"post-115405","1":"post","2":"type-post","3":"status-publish","4":"format-standard","5":"has-post-thumbnail","7":"category-aktualitet","8":"category-vendi"},"_links":{"self":[{"href":"https:\/\/zjarr.tv\/en\/wp-json\/wp\/v2\/posts\/115405","targetHints":{"allow":["GET"]}}],"collection":[{"href":"https:\/\/zjarr.tv\/en\/wp-json\/wp\/v2\/posts"}],"about":[{"href":"https:\/\/zjarr.tv\/en\/wp-json\/wp\/v2\/types\/post"}],"author":[{"embeddable":true,"href":"https:\/\/zjarr.tv\/en\/wp-json\/wp\/v2\/users\/2013"}],"replies":[{"embeddable":true,"href":"https:\/\/zjarr.tv\/en\/wp-json\/wp\/v2\/comments?post=115405"}],"version-history":[{"count":0,"href":"https:\/\/zjarr.tv\/en\/wp-json\/wp\/v2\/posts\/115405\/revisions"}],"wp:featuredmedia":[{"embeddable":true,"href":"https:\/\/zjarr.tv\/en\/wp-json\/wp\/v2\/media\/115407"}],"wp:attachment":[{"href":"https:\/\/zjarr.tv\/en\/wp-json\/wp\/v2\/media?parent=115405"}],"wp:term":[{"taxonomy":"category","embeddable":true,"href":"https:\/\/zjarr.tv\/en\/wp-json\/wp\/v2\/categories?post=115405"},{"taxonomy":"post_tag","embeddable":true,"href":"https:\/\/zjarr.tv\/en\/wp-json\/wp\/v2\/tags?post=115405"}],"curies":[{"name":"wp","href":"https:\/\/api.w.org\/{rel}","templated":true}]}}