{"id":115426,"date":"2019-11-24T14:24:14","date_gmt":"2019-11-24T13:24:14","guid":{"rendered":"https:\/\/zjarr.tv\/?p=115426"},"modified":"2019-11-24T14:24:14","modified_gmt":"2019-11-24T13:24:14","slug":"ngritja-e-spak-170-dosje-te-nxehta-ne-hetim","status":"publish","type":"post","link":"https:\/\/zjarr.tv\/en\/ngritja-e-spak-170-dosje-te-nxehta-ne-hetim\/","title":{"rendered":"Ngritja e SPAK, 170 dosje t\u00eb nxehta n\u00eb hetim"},"content":{"rendered":"<p><em>Struktura e posa\u00e7me antikorrupsion apo SPAK pritet t\u00eb ngrihet t\u00eb h\u00ebn\u00ebn pas em\u00ebrimit t\u00eb 8 prokuror\u00ebve, mes tyre dhe drejtuesin. Pas formimit t\u00eb trup\u00ebs s\u00eb prokuror\u00ebve jan\u00eb 170 dosje q\u00eb do kalojn\u00eb n\u00eb kompetencat e SPAK q\u00eb kan\u00eb t\u00eb b\u00ebjn\u00eb me krimin e organizuar, korrupsionin dhe nj\u00eb ser\u00eb veprash penale.<\/em><\/p>\n<p>Struktura e posa\u00e7me antikorrupsion apo e njohur si SPAK pritet t\u00eb ngrihet t\u00eb h\u00ebn\u00ebn pas em\u00ebrimit nga KLP t\u00eb 8 prokuror\u00ebve q\u00eb do shqyrtojn\u00eb dosjet m\u00eb t\u00eb forta t\u00eb regjistruara n\u00eb organin e akuz\u00ebs. Kandidat\u00ebt p\u00ebr t\u2019u em\u00ebruar n\u00eb k\u00ebt\u00eb prokurori speciale kan\u00eb kaluar t\u00eb dy fazat e vettingut, nj\u00eb nga kriteret baz\u00eb t\u00eb p\u00ebrzgjedhjes s\u00eb kandidat\u00ebve. Lista me pik\u00ebzime do t\u00eb kaloj\u00eb po ashtu edhe n\u00eb vot\u00ebn e parlamentit. Nd\u00ebrkaq puna vazhdon n\u00eb rivler\u00ebsimin e kat\u00ebr emrave t\u00eb tjer\u00eb.<\/p>\n<p>KLP do t\u2019i l\u00ebr\u00eb 5 dit\u00eb koh\u00eb 8 prokuror\u00ebve q\u00eb t\u00eb shprehin interesin e tyre p\u00ebr t\u00eb marr\u00eb drejtimin e SPAK, por favorit \u00ebsht\u00eb prokurori Altin Dumani, pasi \u00ebsht\u00eb renditur i pari n\u00eb list\u00ebn e KLP-s\u00eb p\u00ebr aft\u00ebsi profesionale.<\/p>\n<p>M\u00ebsohet se Kjo struktur\u00eb do t\u00eb marr\u00eb n\u00eb dor\u00ebzim, menj\u00ebher\u00eb pas konstituimi 170 dosje nga 570 q\u00eb po hetohen aktualisht nga Prokuroria e Krimeve t\u00eb R\u00ebnda. Prej m\u00eb se nj\u00eb muaj krimet e r\u00ebnda kan\u00eb nisur inventarizimi i dosjeve, q\u00eb do ti kalojn\u00eb menj\u00ebher\u00eb p\u00ebr shqyrtim struktur\u00ebs s\u00eb posa\u00e7me antikorrupsion. Ato kan\u00eb t\u00eb b\u00ebjn\u00eb me veprat m\u00eb t\u00eb r\u00ebnda kriminale, t\u00eb grupit t\u00eb strukturuar kriminal por dhe \u00e7\u00ebshtje t\u00eb tjera sensitive.<\/p>\n<p>Disa nga dosjet m\u00eb t\u00eb nxehta dhe q\u00eb priten t\u00eb hetohen nga SPAK jan\u00eb, \u201cDosja 339\u201d ku p\u00ebrfshihen dhe akuzat p\u00ebr korrupsion apo shitblerja e votave, dy rastet e trafikut t\u00eb kokain\u00ebs, me 613 dhe 137 kg, dosja Bajri\u201d, apo dhe dosje t\u00eb trafikut t\u00eb klandestin\u00ebve. Me nisjen e pun\u00ebs s\u00eb SPAKU-t, 8 prokuror\u00ebt duhet t\u00eb hartojn\u00eb edhe list\u00ebn me emrat e personave t\u00eb cil\u00ebsuar me rrezikshm\u00ebri t\u00eb lart\u00eb q\u00eb do ti n\u00ebnshtrohen izolimit nga sistemi 41-bis.<\/p>\n<p>Kat\u00ebr muaj m\u00eb par\u00eb, jan\u00eb akorduar 1.2 milion\u00eb euro p\u00ebr ngritjen e k\u00ebsaj struktur\u00ebn e posa\u00e7me q\u00eb do t\u00eb luftoj\u00eb korrupsionin dhe krimin e organizuar.<\/p>\n<p><strong>8 PROKUROR\u00cbT Q\u00cb PRITET T\u00cb EM\u00cbROHEN\u00a0<\/strong><\/p>\n<p>&#8211; \u00a0 \u00a0 \u00a0Altin Dumani<\/p>\n<p>&#8211; \u00a0 \u00a0 \u00a0Arben Kraja<\/p>\n<p>&#8211; \u00a0 \u00a0 \u00a0Behar Dibra<\/p>\n<p>&#8211; \u00a0 \u00a0 \u00a0Edvin Kondilli<\/p>\n<p>&#8211; \u00a0 \u00a0 \u00a0Elida Celami(Ka\u00e7kini)<\/p>\n<p>&#8211; \u00a0 \u00a0 \u00a0Ened Naku\u00e7i,<\/p>\n<p>&#8211; \u00a0 \u00a0 \u00a0Enkeleda Millonai,<\/p>\n<p>&#8211; \u00a0 \u00a0 \u00a0Klodian Braho<\/p>\n<p>4 kandidat\u00ebt n\u00eb rivler\u00ebsim<\/p>\n<p>Anton Martini<\/p>\n<p>Elisabeta Imeraj<\/p>\n<p>Anita Jella<\/p>\n<p>Manjola Kajana<\/p>","protected":false},"excerpt":{"rendered":"<p>Struktura e posa\u00e7me antikorrupsion apo SPAK pritet t\u00eb ngrihet t\u00eb h\u00ebn\u00ebn pas em\u00ebrimit t\u00eb 8 prokuror\u00ebve, mes tyre dhe drejtuesin. Pas formimit t\u00eb trup\u00ebs s\u00eb prokuror\u00ebve jan\u00eb 170 dosje q\u00eb do kalojn\u00eb n\u00eb kompetencat e SPAK q\u00eb kan\u00eb t\u00eb b\u00ebjn\u00eb me krimin e organizuar, korrupsionin dhe nj\u00eb ser\u00eb veprash penale. Struktura e posa\u00e7me antikorrupsion apo [&hellip;]<\/p>\n","protected":false},"author":2013,"featured_media":115488,"comment_status":"open","ping_status":"closed","sticky":false,"template":"","format":"standard","meta":{"footnotes":""},"categories":[241,235],"tags":[],"class_list":{"0":"post-115426","1":"post","2":"type-post","3":"status-publish","4":"format-standard","5":"has-post-thumbnail","7":"category-aktualitet","8":"category-vendi"},"_links":{"self":[{"href":"https:\/\/zjarr.tv\/en\/wp-json\/wp\/v2\/posts\/115426","targetHints":{"allow":["GET"]}}],"collection":[{"href":"https:\/\/zjarr.tv\/en\/wp-json\/wp\/v2\/posts"}],"about":[{"href":"https:\/\/zjarr.tv\/en\/wp-json\/wp\/v2\/types\/post"}],"author":[{"embeddable":true,"href":"https:\/\/zjarr.tv\/en\/wp-json\/wp\/v2\/users\/2013"}],"replies":[{"embeddable":true,"href":"https:\/\/zjarr.tv\/en\/wp-json\/wp\/v2\/comments?post=115426"}],"version-history":[{"count":0,"href":"https:\/\/zjarr.tv\/en\/wp-json\/wp\/v2\/posts\/115426\/revisions"}],"wp:featuredmedia":[{"embeddable":true,"href":"https:\/\/zjarr.tv\/en\/wp-json\/wp\/v2\/media\/115488"}],"wp:attachment":[{"href":"https:\/\/zjarr.tv\/en\/wp-json\/wp\/v2\/media?parent=115426"}],"wp:term":[{"taxonomy":"category","embeddable":true,"href":"https:\/\/zjarr.tv\/en\/wp-json\/wp\/v2\/categories?post=115426"},{"taxonomy":"post_tag","embeddable":true,"href":"https:\/\/zjarr.tv\/en\/wp-json\/wp\/v2\/tags?post=115426"}],"curies":[{"name":"wp","href":"https:\/\/api.w.org\/{rel}","templated":true}]}}