{"id":115512,"date":"2019-11-24T15:28:13","date_gmt":"2019-11-24T14:28:13","guid":{"rendered":"https:\/\/zjarr.tv\/?p=115512"},"modified":"2019-11-24T15:28:13","modified_gmt":"2019-11-24T14:28:13","slug":"ne-8-dhjetor-meta-organizon-tubimin-mbare-popullor-ne-sheshin-demokracia","status":"publish","type":"post","link":"https:\/\/zjarr.tv\/en\/ne-8-dhjetor-meta-organizon-tubimin-mbare-popullor-ne-sheshin-demokracia\/","title":{"rendered":"\u201cN\u00eb 8 dhjetor, Meta organizon tubimin mbar\u00eb popullor, n\u00eb sheshin \u2018Demokracia\u2019\u201d"},"content":{"rendered":"<p>K\u00ebshilltari i Presidentit, Ilir Meta n\u00eb nj\u00eb postim n\u00eb facebook ka b\u00ebr\u00eb me dije se n\u00eb 8 dhjetor, q\u00eb p\u00ebrkon me dit\u00ebn e rinis\u00eb do t\u00eb organizoj\u00eb nj\u00eb tuybim mbar\u00ebpopullor.<\/p>\n<p>Organizimi do t\u00eb b\u00ebhet n\u00eb sheshin \u201cDemokracia\u201d \u00a0n\u00eb Qytetin Studenti<strong>, aty ku nisi\u00a0<\/strong>L\u00ebvizja Studentore e viteve 1990.<\/p>\n<p><strong>Postimi i Tedi Blushit:\u00a0<\/strong><\/p>\n<p><em>N\u00eb 8 dhjetor 2019, n\u00eb DIT\u00cbN E RINIS\u00cb, Presidenti i Republik\u00ebs Sh.T.Z Ilir Meta organizon n\u00eb Sheshin &#8220;Demokracia&#8221; n\u00eb Qytetin Studenti, aty ku dhe nisi L\u00ebvizja Studentore e viteve &#8217;90, nj\u00eb tubim mbar\u00ebpopullor q\u00eb synon Nisjen e nj\u00eb Dialogu me Shqip\u00ebrin\u00eb!<\/em><\/p>\n<p><em>SHQIP\u00cbRIA E PARA!<\/em><\/p>","protected":false},"excerpt":{"rendered":"<p>K\u00ebshilltari i Presidentit, Ilir Meta n\u00eb nj\u00eb postim n\u00eb facebook ka b\u00ebr\u00eb me dije se n\u00eb 8 dhjetor, q\u00eb p\u00ebrkon me dit\u00ebn e rinis\u00eb do t\u00eb organizoj\u00eb nj\u00eb tuybim mbar\u00ebpopullor. Organizimi do t\u00eb b\u00ebhet n\u00eb sheshin \u201cDemokracia\u201d \u00a0n\u00eb Qytetin Studenti, aty ku nisi\u00a0L\u00ebvizja Studentore e viteve 1990. Postimi i Tedi Blushit:\u00a0 N\u00eb 8 dhjetor 2019, [&hellip;]<\/p>\n","protected":false},"author":2013,"featured_media":113948,"comment_status":"open","ping_status":"closed","sticky":false,"template":"","format":"standard","meta":{"footnotes":""},"categories":[241,235],"tags":[],"class_list":{"0":"post-115512","1":"post","2":"type-post","3":"status-publish","4":"format-standard","5":"has-post-thumbnail","7":"category-aktualitet","8":"category-vendi"},"_links":{"self":[{"href":"https:\/\/zjarr.tv\/en\/wp-json\/wp\/v2\/posts\/115512","targetHints":{"allow":["GET"]}}],"collection":[{"href":"https:\/\/zjarr.tv\/en\/wp-json\/wp\/v2\/posts"}],"about":[{"href":"https:\/\/zjarr.tv\/en\/wp-json\/wp\/v2\/types\/post"}],"author":[{"embeddable":true,"href":"https:\/\/zjarr.tv\/en\/wp-json\/wp\/v2\/users\/2013"}],"replies":[{"embeddable":true,"href":"https:\/\/zjarr.tv\/en\/wp-json\/wp\/v2\/comments?post=115512"}],"version-history":[{"count":0,"href":"https:\/\/zjarr.tv\/en\/wp-json\/wp\/v2\/posts\/115512\/revisions"}],"wp:featuredmedia":[{"embeddable":true,"href":"https:\/\/zjarr.tv\/en\/wp-json\/wp\/v2\/media\/113948"}],"wp:attachment":[{"href":"https:\/\/zjarr.tv\/en\/wp-json\/wp\/v2\/media?parent=115512"}],"wp:term":[{"taxonomy":"category","embeddable":true,"href":"https:\/\/zjarr.tv\/en\/wp-json\/wp\/v2\/categories?post=115512"},{"taxonomy":"post_tag","embeddable":true,"href":"https:\/\/zjarr.tv\/en\/wp-json\/wp\/v2\/tags?post=115512"}],"curies":[{"name":"wp","href":"https:\/\/api.w.org\/{rel}","templated":true}]}}