{"id":115526,"date":"2019-11-24T16:07:15","date_gmt":"2019-11-24T15:07:15","guid":{"rendered":"https:\/\/zjarr.tv\/?p=115526"},"modified":"2019-11-24T16:07:15","modified_gmt":"2019-11-24T15:07:15","slug":"presidenca-per-tubimin-e-8-dhjetorit-te-vendosur-demokracine-se-japim-me-koncension","status":"publish","type":"post","link":"https:\/\/zjarr.tv\/en\/presidenca-per-tubimin-e-8-dhjetorit-te-vendosur-demokracine-se-japim-me-koncension\/","title":{"rendered":"Presidenca p\u00ebr tubimin e 8 dhjetorit: T\u00eb vendosur, demokracin\u00eb s&#8217;e japim me koncension!"},"content":{"rendered":"<p>Presidenca ka reaguar s\u00ebrish p\u00ebr tubimin mbar\u00ebpopullor t\u00eb 8 dhjetorit t\u00eb thirrur nga kreu i shtetit Ilir Meta.<\/p>\n<p>\u00cbsht\u00eb z\u00ebdh\u00ebn\u00ebsi i Presidentit, Tedi Blushi, q\u00eb marr\u00eb shkas nga interesi i lart\u00eb i mediave, sqaron se nisja e dialogut t\u00eb Presidentit Meta me qytetar\u00ebt shqiptar\u00eb ka p\u00ebr q\u00ebllim mbrojtjen e Demokracis\u00eb dhe Kushtetut\u00ebs.<\/p>\n<p><em>&#8220;Jemi t\u00eb vendosur deri n\u00eb fund: demokracin\u00eb nuk e japim me koncension&#8221; paralajm\u00ebron Blushi.<\/em><\/p>\n<p><strong><em>Tedi Blushi:<\/em><\/strong><em>\u00a0T\u00eb dashur koleg\u00eb gazetar\u00eb, interesimit tuaj t\u00eb jasht\u00ebzakonsh\u00ebm, p\u00ebr t\u00eb m\u00ebsuar sa m\u00eb shum\u00eb detaje rreth tubimit mbar\u00ebpopullor t\u00eb thirrur nga Presidenti i Republik\u00ebs Sh.T.Z Ilir Meta, n\u00eb 8 dhjetor 2019, n\u00eb dit\u00ebn e rinis\u00eb, ju sqaroj se:<\/em><\/p>\n<p><em>Nisja e Dialogut t\u00eb Presidentit Meta me Shqip\u00ebrin\u00eb ka p\u00ebr q\u00ebllim mbrojtjen e Demokracis\u00eb dhe Kushtetut\u00ebs!<\/em><\/p>\n<p><em>Dialogun e Presidentit Meta me shqiptar\u00ebt nuk mund ta ndal\u00eb ASKUSH, deri n\u00eb zbatimin e detyrimit kushtetues p\u00ebr Referendumet.<\/em><\/p>\n<p><em>Jemi t\u00eb vendosur deri n\u00eb fund: Demokracin\u00eb nuk e japim me koncension!<\/em><\/p>\n<p><em>Tani vet\u00ebm demokraci direkte!<\/em><\/p>\n<p><em>Tani vet\u00ebm referendum!<\/em><\/p>\n<p><em>Shqip\u00ebria e para!<\/em><\/p>\n<p><em>Shqiptar\u00ebt mbi \u00e7do gj\u00eb!<\/em><\/p>","protected":false},"excerpt":{"rendered":"<p>Presidenca ka reaguar s\u00ebrish p\u00ebr tubimin mbar\u00ebpopullor t\u00eb 8 dhjetorit t\u00eb thirrur nga kreu i shtetit Ilir Meta. \u00cbsht\u00eb z\u00ebdh\u00ebn\u00ebsi i Presidentit, Tedi Blushi, q\u00eb marr\u00eb shkas nga interesi i lart\u00eb i mediave, sqaron se nisja e dialogut t\u00eb Presidentit Meta me qytetar\u00ebt shqiptar\u00eb ka p\u00ebr q\u00ebllim mbrojtjen e Demokracis\u00eb dhe Kushtetut\u00ebs. &#8220;Jemi t\u00eb vendosur [&hellip;]<\/p>\n","protected":false},"author":2013,"featured_media":115531,"comment_status":"open","ping_status":"closed","sticky":false,"template":"","format":"standard","meta":{"footnotes":""},"categories":[241,235],"tags":[],"class_list":{"0":"post-115526","1":"post","2":"type-post","3":"status-publish","4":"format-standard","5":"has-post-thumbnail","7":"category-aktualitet","8":"category-vendi"},"_links":{"self":[{"href":"https:\/\/zjarr.tv\/en\/wp-json\/wp\/v2\/posts\/115526","targetHints":{"allow":["GET"]}}],"collection":[{"href":"https:\/\/zjarr.tv\/en\/wp-json\/wp\/v2\/posts"}],"about":[{"href":"https:\/\/zjarr.tv\/en\/wp-json\/wp\/v2\/types\/post"}],"author":[{"embeddable":true,"href":"https:\/\/zjarr.tv\/en\/wp-json\/wp\/v2\/users\/2013"}],"replies":[{"embeddable":true,"href":"https:\/\/zjarr.tv\/en\/wp-json\/wp\/v2\/comments?post=115526"}],"version-history":[{"count":0,"href":"https:\/\/zjarr.tv\/en\/wp-json\/wp\/v2\/posts\/115526\/revisions"}],"wp:featuredmedia":[{"embeddable":true,"href":"https:\/\/zjarr.tv\/en\/wp-json\/wp\/v2\/media\/115531"}],"wp:attachment":[{"href":"https:\/\/zjarr.tv\/en\/wp-json\/wp\/v2\/media?parent=115526"}],"wp:term":[{"taxonomy":"category","embeddable":true,"href":"https:\/\/zjarr.tv\/en\/wp-json\/wp\/v2\/categories?post=115526"},{"taxonomy":"post_tag","embeddable":true,"href":"https:\/\/zjarr.tv\/en\/wp-json\/wp\/v2\/tags?post=115526"}],"curies":[{"name":"wp","href":"https:\/\/api.w.org\/{rel}","templated":true}]}}