{"id":115538,"date":"2019-11-24T16:23:50","date_gmt":"2019-11-24T15:23:50","guid":{"rendered":"https:\/\/zjarr.tv\/?p=115538"},"modified":"2019-11-24T16:23:50","modified_gmt":"2019-11-24T15:23:50","slug":"kongresi-i-ppe-dhe-cdu-basha-bashkebisedim-me-gazetaret-ne-1700","status":"publish","type":"post","link":"https:\/\/zjarr.tv\/en\/kongresi-i-ppe-dhe-cdu-basha-bashkebisedim-me-gazetaret-ne-1700\/","title":{"rendered":"Kongresi i PPE dhe CDU\/ Basha bashk\u00ebbisedim me gazetar\u00ebt n\u00eb 17:00"},"content":{"rendered":"<p>N\u00eb or\u00ebn 17.00, Kryetari i Partis\u00eb Demokratike, Lulzim Basha, do t\u00eb zhvilloj\u00eb nj\u00eb bashk\u00ebbisedim me gazetar\u00ebt n\u00eb selin\u00eb blu.<\/p>\n<p>Takimi i kryeopozitarit me gazetar\u00ebt vjen pas rikthimit t\u00eb tij nga Kongresi i Partive Popullore Europiane, mbajtur n\u00eb Zagreb dhe pas pjes\u00ebmarrjes s\u00eb tij n\u00eb Kongresin e CDU-s\u00eb s\u00eb Angela Merkel n\u00eb Leipzig.<\/p>","protected":false},"excerpt":{"rendered":"<p>N\u00eb or\u00ebn 17.00, Kryetari i Partis\u00eb Demokratike, Lulzim Basha, do t\u00eb zhvilloj\u00eb nj\u00eb bashk\u00ebbisedim me gazetar\u00ebt n\u00eb selin\u00eb blu. Takimi i kryeopozitarit me gazetar\u00ebt vjen pas rikthimit t\u00eb tij nga Kongresi i Partive Popullore Europiane, mbajtur n\u00eb Zagreb dhe pas pjes\u00ebmarrjes s\u00eb tij n\u00eb Kongresin e CDU-s\u00eb s\u00eb Angela Merkel n\u00eb Leipzig.<\/p>","protected":false},"author":2013,"featured_media":48877,"comment_status":"open","ping_status":"closed","sticky":false,"template":"","format":"standard","meta":{"footnotes":""},"categories":[241,235],"tags":[],"class_list":{"0":"post-115538","1":"post","2":"type-post","3":"status-publish","4":"format-standard","5":"has-post-thumbnail","7":"category-aktualitet","8":"category-vendi"},"_links":{"self":[{"href":"https:\/\/zjarr.tv\/en\/wp-json\/wp\/v2\/posts\/115538","targetHints":{"allow":["GET"]}}],"collection":[{"href":"https:\/\/zjarr.tv\/en\/wp-json\/wp\/v2\/posts"}],"about":[{"href":"https:\/\/zjarr.tv\/en\/wp-json\/wp\/v2\/types\/post"}],"author":[{"embeddable":true,"href":"https:\/\/zjarr.tv\/en\/wp-json\/wp\/v2\/users\/2013"}],"replies":[{"embeddable":true,"href":"https:\/\/zjarr.tv\/en\/wp-json\/wp\/v2\/comments?post=115538"}],"version-history":[{"count":0,"href":"https:\/\/zjarr.tv\/en\/wp-json\/wp\/v2\/posts\/115538\/revisions"}],"wp:featuredmedia":[{"embeddable":true,"href":"https:\/\/zjarr.tv\/en\/wp-json\/wp\/v2\/media\/48877"}],"wp:attachment":[{"href":"https:\/\/zjarr.tv\/en\/wp-json\/wp\/v2\/media?parent=115538"}],"wp:term":[{"taxonomy":"category","embeddable":true,"href":"https:\/\/zjarr.tv\/en\/wp-json\/wp\/v2\/categories?post=115538"},{"taxonomy":"post_tag","embeddable":true,"href":"https:\/\/zjarr.tv\/en\/wp-json\/wp\/v2\/tags?post=115538"}],"curies":[{"name":"wp","href":"https:\/\/api.w.org\/{rel}","templated":true}]}}