{"id":115570,"date":"2019-11-25T13:58:49","date_gmt":"2019-11-25T12:58:49","guid":{"rendered":"https:\/\/zjarr.tv\/?p=115570"},"modified":"2019-11-25T13:58:49","modified_gmt":"2019-11-25T12:58:49","slug":"hajdari-regjistrimi-i-diaspores-jo-nga-shteti-ministria-e-jashtme-nuk-di-cfare-ben","status":"publish","type":"post","link":"https:\/\/zjarr.tv\/en\/hajdari-regjistrimi-i-diaspores-jo-nga-shteti-ministria-e-jashtme-nuk-di-cfare-ben\/","title":{"rendered":"Hajdari: Regjistrimi i diaspor\u00ebs jo nga shteti, ministria e Jashtme nuk di \u00e7far\u00eb b\u00ebn"},"content":{"rendered":"<p>Deputetja demokrate Rudina Hajdari thot\u00eb se regjistrimi i diaspor\u00ebs nga shteti shqiptar p\u00ebrb\u00ebn nj\u00eb manipulim. N\u00eb Komisionin e Ligjeve, Hajdari mb\u00ebshtet propozimin q\u00eb ky regjistrim t\u00eb b\u00ebhej nga nj\u00eb institucion i pavarur, si\u00e7 \u00ebsht\u00eb KQZ.<\/p>\n<p>Deputetja kritikon fort ministrin\u00eb e Jashtme, duke th\u00ebn\u00eb se \u00ebsht\u00eb jasht\u00eb realitet dhe nuk ka akordanc\u00eb me institucionet e tjera<\/p>\n<p><strong>Rudina Hajdari:\u00a0<\/strong><em>Nuk duhet t\u00eb jet\u00eb n\u00eb kompetenc\u00ebn e ministris\u00eb s\u00eb Jashtme p\u00ebr tu b\u00ebr\u00eb ky lloj regjistri. Ka ardhur nj\u00eb propozim q\u00eb t\u00eb b\u00ebhet nga KQZ, pra t\u00eb jet\u00eb nj\u00eb organ i pavarur q\u00eb t\u00eb merret me regjistrimin e diaspor\u00ebs dhe mos merret shteti shqiptar. A do ket\u00eb k\u00ebtu nj\u00eb shkelje kompetencash dhe kjo \u00ebsht\u00eb nj\u00eb \u00e7\u00ebshtje serioze. Ne po parashikojm\u00eb q\u00eb n\u00eb zgjedhjet e 2021 t\u00eb kemi diaspor\u00ebn t\u00eb votoj\u00eb n\u00eb k\u00ebto zgjedhje.\u00a0<\/em><\/p>\n<p><em>N\u00ebse shteti shqiptar do b\u00ebj\u00eb regjistrimin e diaspor\u00ebs at\u00ebher\u00eb do ishte nj\u00eb lloj manipulimi q\u00eb ti b\u00ebhej k\u00ebtij adresari dhe mund b\u00ebheshe nj\u00eb shkelje k\u00ebtu. Prandaj \u00ebsht\u00eb parashikuar q\u00eb kjo kompetenc\u00eb ti jepet KQZ dhe mos merret shteti me regjistrimin e diaspor\u00ebs.<\/em><\/p>\n<p><em>Edhe me ca shikoj un\u00eb, edhe me prezantimin e Majkos, ministrit t\u00eb Diaspor\u00ebs, \u00a0ju nuk keni fare akordanc\u00eb me nj\u00ebri-tjetrin. Jeni komplet jasht\u00eb realitetit, dmth nuk e kam par\u00eb kurr\u00eb ministrin\u00eb e Jashtme t\u00eb menaxhohet n\u00eb k\u00ebt\u00eb m\u00ebnyre, jeni komplet jasht\u00eb realitetit, nuk dini \u00e7far\u00eb po b\u00ebni. A jeni t\u00eb konsultuar me ministrit\u00eb e tjera, a e dini \u00e7far\u00eb po b\u00ebni apo jo?<\/em><\/p>","protected":false},"excerpt":{"rendered":"<p>Deputetja demokrate Rudina Hajdari thot\u00eb se regjistrimi i diaspor\u00ebs nga shteti shqiptar p\u00ebrb\u00ebn nj\u00eb manipulim. N\u00eb Komisionin e Ligjeve, Hajdari mb\u00ebshtet propozimin q\u00eb ky regjistrim t\u00eb b\u00ebhej nga nj\u00eb institucion i pavarur, si\u00e7 \u00ebsht\u00eb KQZ. Deputetja kritikon fort ministrin\u00eb e Jashtme, duke th\u00ebn\u00eb se \u00ebsht\u00eb jasht\u00eb realitet dhe nuk ka akordanc\u00eb me institucionet e tjera [&hellip;]<\/p>\n","protected":false},"author":2013,"featured_media":115571,"comment_status":"open","ping_status":"closed","sticky":false,"template":"","format":"standard","meta":{"footnotes":""},"categories":[241,235],"tags":[],"class_list":{"0":"post-115570","1":"post","2":"type-post","3":"status-publish","4":"format-standard","5":"has-post-thumbnail","7":"category-aktualitet","8":"category-vendi"},"_links":{"self":[{"href":"https:\/\/zjarr.tv\/en\/wp-json\/wp\/v2\/posts\/115570","targetHints":{"allow":["GET"]}}],"collection":[{"href":"https:\/\/zjarr.tv\/en\/wp-json\/wp\/v2\/posts"}],"about":[{"href":"https:\/\/zjarr.tv\/en\/wp-json\/wp\/v2\/types\/post"}],"author":[{"embeddable":true,"href":"https:\/\/zjarr.tv\/en\/wp-json\/wp\/v2\/users\/2013"}],"replies":[{"embeddable":true,"href":"https:\/\/zjarr.tv\/en\/wp-json\/wp\/v2\/comments?post=115570"}],"version-history":[{"count":0,"href":"https:\/\/zjarr.tv\/en\/wp-json\/wp\/v2\/posts\/115570\/revisions"}],"wp:featuredmedia":[{"embeddable":true,"href":"https:\/\/zjarr.tv\/en\/wp-json\/wp\/v2\/media\/115571"}],"wp:attachment":[{"href":"https:\/\/zjarr.tv\/en\/wp-json\/wp\/v2\/media?parent=115570"}],"wp:term":[{"taxonomy":"category","embeddable":true,"href":"https:\/\/zjarr.tv\/en\/wp-json\/wp\/v2\/categories?post=115570"},{"taxonomy":"post_tag","embeddable":true,"href":"https:\/\/zjarr.tv\/en\/wp-json\/wp\/v2\/tags?post=115570"}],"curies":[{"name":"wp","href":"https:\/\/api.w.org\/{rel}","templated":true}]}}