{"id":117122,"date":"2019-12-04T18:50:53","date_gmt":"2019-12-04T17:50:53","guid":{"rendered":"https:\/\/zjarr.tv\/?p=117122"},"modified":"2019-12-04T18:50:53","modified_gmt":"2019-12-04T17:50:53","slug":"basha-te-teatri-kombetar-treguat-sa-te-madhe-e-keni-zemren","status":"publish","type":"post","link":"https:\/\/zjarr.tv\/en\/basha-te-teatri-kombetar-treguat-sa-te-madhe-e-keni-zemren\/","title":{"rendered":"Basha te Teatri Komb\u00ebtar: Treguat sa t\u00eb madhe e keni zemr\u00ebn"},"content":{"rendered":"<p>Pas vizit\u00ebs te banor\u00ebt e Unaz\u00ebs s\u00eb Re, t\u00eb cilt\u00eb u solidarizuan me t\u00eb prekurit nga t\u00ebrmeti duke strehuar shum\u00eb prej tyre, kryetari i PD-s\u00eb, Lulzim Basha po viziton n\u00eb k\u00ebto momente edhe Aleanc\u00ebn p\u00ebr Mbrojtjen e Teatrit. Duke p\u00ebrsh\u00ebndetur nism\u00ebn e tyre p\u00ebr t\u2019iu ardhur n\u00eb ndihm\u00eb banor\u00ebve t\u00eb prekur nga t\u00ebrmeti i 26 n\u00ebntorit, Basha deklaroi se, edhe pse t\u00eb sulmuar vazhdimisht nga qeveria, mbrojt\u00ebsit e Teatrit Komb\u00ebtar dhe banor\u00ebt e Astirit, treguan se sa t\u00eb madhe e kan\u00eb zemr\u00ebn.<\/p>\n<p>\u201cPavar\u00ebsisht fyerjeve, sharjeve, arrestimeve, n\u00eb nj\u00eb dit\u00eb t\u00eb zez\u00eb treguat sa t\u00eb madhe e keni zemr\u00ebn\u201d, u shpreh Basha.<\/p>","protected":false},"excerpt":{"rendered":"<p>Pas vizit\u00ebs te banor\u00ebt e Unaz\u00ebs s\u00eb Re, t\u00eb cilt\u00eb u solidarizuan me t\u00eb prekurit nga t\u00ebrmeti duke strehuar shum\u00eb prej tyre, kryetari i PD-s\u00eb, Lulzim Basha po viziton n\u00eb k\u00ebto momente edhe Aleanc\u00ebn p\u00ebr Mbrojtjen e Teatrit. Duke p\u00ebrsh\u00ebndetur nism\u00ebn e tyre p\u00ebr t\u2019iu ardhur n\u00eb ndihm\u00eb banor\u00ebve t\u00eb prekur nga t\u00ebrmeti i 26 [&hellip;]<\/p>\n","protected":false},"author":2013,"featured_media":38161,"comment_status":"open","ping_status":"closed","sticky":false,"template":"","format":"standard","meta":{"footnotes":""},"categories":[241,235],"tags":[],"class_list":{"0":"post-117122","1":"post","2":"type-post","3":"status-publish","4":"format-standard","5":"has-post-thumbnail","7":"category-aktualitet","8":"category-vendi"},"_links":{"self":[{"href":"https:\/\/zjarr.tv\/en\/wp-json\/wp\/v2\/posts\/117122","targetHints":{"allow":["GET"]}}],"collection":[{"href":"https:\/\/zjarr.tv\/en\/wp-json\/wp\/v2\/posts"}],"about":[{"href":"https:\/\/zjarr.tv\/en\/wp-json\/wp\/v2\/types\/post"}],"author":[{"embeddable":true,"href":"https:\/\/zjarr.tv\/en\/wp-json\/wp\/v2\/users\/2013"}],"replies":[{"embeddable":true,"href":"https:\/\/zjarr.tv\/en\/wp-json\/wp\/v2\/comments?post=117122"}],"version-history":[{"count":0,"href":"https:\/\/zjarr.tv\/en\/wp-json\/wp\/v2\/posts\/117122\/revisions"}],"wp:featuredmedia":[{"embeddable":true,"href":"https:\/\/zjarr.tv\/en\/wp-json\/wp\/v2\/media\/38161"}],"wp:attachment":[{"href":"https:\/\/zjarr.tv\/en\/wp-json\/wp\/v2\/media?parent=117122"}],"wp:term":[{"taxonomy":"category","embeddable":true,"href":"https:\/\/zjarr.tv\/en\/wp-json\/wp\/v2\/categories?post=117122"},{"taxonomy":"post_tag","embeddable":true,"href":"https:\/\/zjarr.tv\/en\/wp-json\/wp\/v2\/tags?post=117122"}],"curies":[{"name":"wp","href":"https:\/\/api.w.org\/{rel}","templated":true}]}}