{"id":118509,"date":"2019-12-15T13:36:02","date_gmt":"2019-12-15T12:36:02","guid":{"rendered":"https:\/\/zjarr.tv\/?p=118509"},"modified":"2019-12-15T13:36:02","modified_gmt":"2019-12-15T12:36:02","slug":"shkaterrimi-i-bandes-se-skiftereve-ne-belgjike","status":"publish","type":"post","link":"https:\/\/zjarr.tv\/en\/shkaterrimi-i-bandes-se-skiftereve-ne-belgjike\/","title":{"rendered":"Shkat\u00ebrrimi i band\u00ebs s\u00eb \u201cskifter\u00ebve\u201d n\u00eb Belgjik\u00eb"},"content":{"rendered":"<p>Ka shkuar n\u00eb 10 numri i t\u00eb arrestuarve, pjes\u00eb e grupit kri minal q\u00eb grabiste sende me vler\u00eb n\u00eb Belgjik\u00eb dhe i shiste n\u00eb Shqip\u00ebri. N\u00eb kuad\u00ebr t\u00eb operacionit \u201cPisaco\u201d u vu n\u00eb pr anga nj\u00eb 45-vje\u00e7ar, banues n\u00eb Tiran\u00eb.<\/p>\n<p>Ai u arrestua n\u00eb rrug\u00ebn &#8220;Qemal Stafa\u201d si i dyshuar p\u00ebr kryerjen e veprave penale si \u201cVjedhja\u201d, \u201cGrup i strukturuar kri minal\u201d, \u201cVjedhja e kryer m\u00eb shum\u00eb se nj\u00eb her\u00eb, n\u00eb kuadrin e grupit t\u00eb strukturuar kri minal\u201d.<\/p>\n<p><em>\u00a0\u201cKy shtetas ka qen\u00eb person i shpallur n\u00eb k\u00ebrkim, pasi Gjykata e Shkall\u00ebs s\u00eb Par\u00eb p\u00ebr Krimet e R\u00ebnda Tiran\u00eb, me vendimin Nr. 69, dat\u00eb 25.04.2019, bazuar n\u00eb aktet e procedimit penal Nr. 44, viti 2018 (\u00e7elur n\u00eb zbatim t\u00eb nj\u00eb let\u00ebr-porosie, d\u00ebrguar nga autoritet ligjzbatuese t\u00eb Belgjik\u00ebs q\u00eb n\u00eb dat\u00ebn 28.02.2018) ka caktuar ndaj tij mas\u00ebn e sigurimit personal &#8220;Arrest n\u00eb burg&#8221;,\u201d-<\/em>informon policia.<\/p>\n<p>Ekzekutimi i vendimit t\u00eb Gjykat\u00ebs p\u00ebr caktimin e mas\u00ebs s\u00eb sigurimit personal \u201cArrest n\u00eb burg\u201d u b\u00eb nga Task Forca \u201cAntiskifter\u201d.<\/p>\n<p><strong>Si funksiononte banda e &#8220;skifter\u00ebve&#8221; n\u00eb Belgjik\u00eb?<\/strong><\/p>\n<p>Sipas let\u00ebr-porosis\u00eb, nga hetimet e kryera n\u00eb Belgjik\u00eb ka rezultuar se prej muajit dhjetor 2017 nj\u00eb grup shtetasish shqiptar\u00eb me q\u00ebndrim t\u00eb p\u00ebrkohsh\u00ebm n\u00eb Belgjik\u00eb po kryenin vjedhje me thyerje t\u00eb banesave dhe objekteve t\u00eb tjera. Pasi vidhin n\u00eb banesa vlera monetare dhe sende me vler\u00eb si flori etj, ata i d\u00ebrgonin ato n\u00eb Shqip\u00ebri. N\u00eb kuad\u00ebr t\u00eb operacionit jan\u00eb kapur kat\u00ebr shqiptar\u00eb n\u00eb Shqip\u00ebri dhe 6 shqiptar\u00eb t\u00eb tjer\u00eb n\u00eb Belgjik\u00eb.<\/p>\n<p>Ndaj k\u00ebtij grupi kri minal drejt\u00ebsia belge ka caktuar mas\u00ebn e siguris\u00eb &#8220;Arr est n\u00eb burg&#8221;.<\/p>","protected":false},"excerpt":{"rendered":"<p>Ka shkuar n\u00eb 10 numri i t\u00eb arrestuarve, pjes\u00eb e grupit kri minal q\u00eb grabiste sende me vler\u00eb n\u00eb Belgjik\u00eb dhe i shiste n\u00eb Shqip\u00ebri. N\u00eb kuad\u00ebr t\u00eb operacionit \u201cPisaco\u201d u vu n\u00eb pr anga nj\u00eb 45-vje\u00e7ar, banues n\u00eb Tiran\u00eb. Ai u arrestua n\u00eb rrug\u00ebn &#8220;Qemal Stafa\u201d si i dyshuar p\u00ebr kryerjen e veprave penale [&hellip;]<\/p>\n","protected":false},"author":2013,"featured_media":118510,"comment_status":"open","ping_status":"closed","sticky":false,"template":"","format":"standard","meta":{"footnotes":""},"categories":[241,235],"tags":[],"class_list":{"0":"post-118509","1":"post","2":"type-post","3":"status-publish","4":"format-standard","5":"has-post-thumbnail","7":"category-aktualitet","8":"category-vendi"},"_links":{"self":[{"href":"https:\/\/zjarr.tv\/en\/wp-json\/wp\/v2\/posts\/118509","targetHints":{"allow":["GET"]}}],"collection":[{"href":"https:\/\/zjarr.tv\/en\/wp-json\/wp\/v2\/posts"}],"about":[{"href":"https:\/\/zjarr.tv\/en\/wp-json\/wp\/v2\/types\/post"}],"author":[{"embeddable":true,"href":"https:\/\/zjarr.tv\/en\/wp-json\/wp\/v2\/users\/2013"}],"replies":[{"embeddable":true,"href":"https:\/\/zjarr.tv\/en\/wp-json\/wp\/v2\/comments?post=118509"}],"version-history":[{"count":0,"href":"https:\/\/zjarr.tv\/en\/wp-json\/wp\/v2\/posts\/118509\/revisions"}],"wp:featuredmedia":[{"embeddable":true,"href":"https:\/\/zjarr.tv\/en\/wp-json\/wp\/v2\/media\/118510"}],"wp:attachment":[{"href":"https:\/\/zjarr.tv\/en\/wp-json\/wp\/v2\/media?parent=118509"}],"wp:term":[{"taxonomy":"category","embeddable":true,"href":"https:\/\/zjarr.tv\/en\/wp-json\/wp\/v2\/categories?post=118509"},{"taxonomy":"post_tag","embeddable":true,"href":"https:\/\/zjarr.tv\/en\/wp-json\/wp\/v2\/tags?post=118509"}],"curies":[{"name":"wp","href":"https:\/\/api.w.org\/{rel}","templated":true}]}}