{"id":118539,"date":"2019-12-15T15:15:51","date_gmt":"2019-12-15T14:15:51","guid":{"rendered":"https:\/\/zjarr.tv\/?p=118539"},"modified":"2019-12-15T15:15:51","modified_gmt":"2019-12-15T14:15:51","slug":"ekstradohet-nga-zagrebi-35-vjecari","status":"publish","type":"post","link":"https:\/\/zjarr.tv\/en\/ekstradohet-nga-zagrebi-35-vjecari\/","title":{"rendered":"Ekstradohet nga Zagrebi 35-vje\u00e7ari"},"content":{"rendered":"<p>Nj\u00eb 35-vje\u00e7ar i k\u00ebrkuar nga drejt\u00ebsia shqiptare p\u00ebr vra sjen e nj\u00eb oficeri policie gjat\u00eb nj\u00eb grabitje t\u00eb armatosur \u00ebsht\u00eb ekstraduar nga Zagrebi. Joland Bushati, banues n\u00eb Lekbibaj ishte liruar para kohe me kusht nga Gjykata e Shkall\u00ebs s\u00eb Par\u00eb Tropoj\u00eb.<\/p>\n<p><em>&#8220;Por ky vendim u revokua nga\u00a0<\/em><em>Gjykata e Shkall\u00ebs s\u00eb Par\u00eb Shkod\u00ebr q\u00eb m\u00eb 4 janar t\u00eb k\u00ebtij viti vendosi q\u00eb Bushati do vazhdonte vuajtjen e d\u00ebn imit p\u00ebr pjes\u00ebn e mbetur p\u00ebr 3 vite e 8 muaj e 24 dit\u00eb burg,&#8221; &#8211;<\/em>njofton policia.<\/p>\n<p>35-vje\u00e7ari q\u00eblloi p\u00ebr vde kje punonj\u00ebsin e policis\u00eb me iniciale N. Gj., nd\u00ebrsa grabiti pasagjer\u00ebt e linj\u00ebs \u201cBajram Curri-Lekbibaj\u201d,<em>\u00a0<\/em>n\u00eb bashk\u00ebpunim me shtetasin me iniciale A. P.<\/p>\n<p>Joland Bushati\u00a0u arrestua n\u00eb Kroaci dhe m\u00eb pas u ekstradua drejt vendit ton\u00eb si rezultat i bashk\u00ebpunimit t\u00eb Interpol Tirana me Interpol Zagreb\/Kroaci.<\/p>\n<p><strong>Tjet\u00ebr ekstradim &#8211;\u00a0<\/strong>Nd\u00ebrkoh\u00eb nga Interpol Tirana u krye ekstradimi nga Italia i 29-vje\u00e7arit shqiptar, Vladi Sinani alias Vladimir Sinani, lindur n\u00eb Bulqiz\u00eb, i d\u00ebnuar p\u00ebr dro g\u00eb.<\/p>\n<p><em>\u201cKy shtetas ishte i shpallur n\u00eb k\u00ebrkim nd\u00ebrkomb\u00ebtar nga Z.Q.K Interpol Tirana, pasi Gjykata e Rrethit Gjyq\u00ebsor Dib\u00ebr, e ka d\u00ebnuar me 4 vjet e 8 muaj bu rg, p\u00ebr vepr\u00ebn penale &#8220;Prodhim dhe shitje e l\u00ebnd\u00ebve narkotike,\u201d<\/em>&#8211; informon policia.<\/p>\n<p>Si rezultat i bashk\u00ebpunimit t\u00eb Interpol Tirana me Interpol Roma, u b\u00eb i mundur arrestimi i tij n\u00eb Itali, duke u finalizuar me ekstradimin drejt vendit ton\u00eb.<\/p>","protected":false},"excerpt":{"rendered":"<p>Nj\u00eb 35-vje\u00e7ar i k\u00ebrkuar nga drejt\u00ebsia shqiptare p\u00ebr vra sjen e nj\u00eb oficeri policie gjat\u00eb nj\u00eb grabitje t\u00eb armatosur \u00ebsht\u00eb ekstraduar nga Zagrebi. Joland Bushati, banues n\u00eb Lekbibaj ishte liruar para kohe me kusht nga Gjykata e Shkall\u00ebs s\u00eb Par\u00eb Tropoj\u00eb. &#8220;Por ky vendim u revokua nga\u00a0Gjykata e Shkall\u00ebs s\u00eb Par\u00eb Shkod\u00ebr q\u00eb m\u00eb 4 [&hellip;]<\/p>\n","protected":false},"author":2013,"featured_media":80085,"comment_status":"open","ping_status":"closed","sticky":false,"template":"","format":"standard","meta":{"footnotes":""},"categories":[241,235],"tags":[],"class_list":{"0":"post-118539","1":"post","2":"type-post","3":"status-publish","4":"format-standard","5":"has-post-thumbnail","7":"category-aktualitet","8":"category-vendi"},"_links":{"self":[{"href":"https:\/\/zjarr.tv\/en\/wp-json\/wp\/v2\/posts\/118539","targetHints":{"allow":["GET"]}}],"collection":[{"href":"https:\/\/zjarr.tv\/en\/wp-json\/wp\/v2\/posts"}],"about":[{"href":"https:\/\/zjarr.tv\/en\/wp-json\/wp\/v2\/types\/post"}],"author":[{"embeddable":true,"href":"https:\/\/zjarr.tv\/en\/wp-json\/wp\/v2\/users\/2013"}],"replies":[{"embeddable":true,"href":"https:\/\/zjarr.tv\/en\/wp-json\/wp\/v2\/comments?post=118539"}],"version-history":[{"count":0,"href":"https:\/\/zjarr.tv\/en\/wp-json\/wp\/v2\/posts\/118539\/revisions"}],"wp:featuredmedia":[{"embeddable":true,"href":"https:\/\/zjarr.tv\/en\/wp-json\/wp\/v2\/media\/80085"}],"wp:attachment":[{"href":"https:\/\/zjarr.tv\/en\/wp-json\/wp\/v2\/media?parent=118539"}],"wp:term":[{"taxonomy":"category","embeddable":true,"href":"https:\/\/zjarr.tv\/en\/wp-json\/wp\/v2\/categories?post=118539"},{"taxonomy":"post_tag","embeddable":true,"href":"https:\/\/zjarr.tv\/en\/wp-json\/wp\/v2\/tags?post=118539"}],"curies":[{"name":"wp","href":"https:\/\/api.w.org\/{rel}","templated":true}]}}