{"id":118547,"date":"2019-12-15T16:02:08","date_gmt":"2019-12-15T15:02:08","guid":{"rendered":"https:\/\/zjarr.tv\/?p=118547"},"modified":"2019-12-15T16:02:08","modified_gmt":"2019-12-15T15:02:08","slug":"avni-delvina-ironizon-drejtoret-dhe-analistet-qe-mbrojne-qeverine-rama","status":"publish","type":"post","link":"https:\/\/zjarr.tv\/en\/avni-delvina-ironizon-drejtoret-dhe-analistet-qe-mbrojne-qeverine-rama\/","title":{"rendered":"Avni Delvina ironizon drejtor\u00ebt dhe analist\u00ebt q\u00eb mbrojn\u00eb qeverin\u00eb Rama"},"content":{"rendered":"<p>Qeveria shqiptare po shkon drejt finalizimit t\u00eb nj\u00eb projekti q\u00eb do fundoste p\u00ebrfundimisht fjal\u00ebn e lir\u00eb n\u00eb Shqip\u00ebri.<\/p>\n<p>Nismat anti-shpifje jan\u00eb kund\u00ebrshtuar nga dhjet\u00ebra organizata dhe institucione t\u00eb r\u00ebnd\u00ebsishme europiane dhe amerikane.<\/p>\n<p>BIRN vler\u00ebson n\u00eb nj\u00eb shkrim se n\u00ebse do miratohen k\u00ebto nisma m\u00eb 19 dhjetor, Shqip\u00ebria nuk do jet\u00eb m\u00eb demokraci hibride- pra nj\u00eb sistem me nj\u00eb k\u00ebmb\u00eb n\u00eb liri dhe tjetr\u00ebn n\u00eb diktatur\u00eb- por do jet\u00eb plot\u00ebsisht totalitariz\u00ebm.<\/p>\n<p>Megjithat\u00eb, si\u00e7 tregon kjo grafik\u00eb e mjeshtrit Avni Delvina, nuk jan\u00eb t\u00eb pakt\u00eb gazetar\u00ebt e njohur n\u00eb Shqip\u00ebri, sidomos ata t\u00eb medias televizive, q\u00eb ose nuk jan\u00eb solidarizuar, ose nuk jan\u00eb shqet\u00ebsuar p\u00ebr situat\u00ebn e r\u00ebnd\u00eb.<\/p>\n<p>Delvina i vendos ata n\u00eb nj\u00eb situat\u00eb hipokrizie, duke \u2018marshuar\u2019 n\u00eb Paris me moton \u2018Je suis fjala e lir\u00eb\u2019, nj\u00eb referenc\u00eb ndaj protest\u00ebs-homazh q\u00eb u mbajt pas sulmit n\u00eb redaksin\u00eb e revist\u00ebs Charlie Hebdo.<\/p>\n<p>P\u00ebr ironi, n\u00eb at\u00eb protest\u00eb mori pjes\u00eb edhe kryeministri shqiptar, Edi Rama, q\u00eb \u00ebsht\u00eb kthyer n\u00eb armikun num\u00ebr 1 t\u00eb medias n\u00eb vend.<\/p>\n<p>Por problemi \u00ebsht\u00eb se \u00e7do gazetar n\u00eb k\u00ebt\u00eb vend duhet ta kuptoj\u00eb se fjala e lir\u00eb nuk i p\u00ebrket vet\u00ebm e portaleve dhe e internetit. Liria e medias na p\u00ebrket t\u00eb gjith\u00ebve.<\/p>\n<p><a href=\"https:\/\/zjarr.tv\/wp-content\/uploads\/2019\/12\/auto_liria1576405017.jpg\"><img loading=\"lazy\" decoding=\"async\" class=\"alignnone size-medium wp-image-118549\" src=\"https:\/\/zjarr.tv\/wp-content\/uploads\/2019\/12\/auto_liria1576405017-300x197.jpg\" alt=\"\" width=\"300\" height=\"197\" srcset=\"https:\/\/zjarr.tv\/wp-content\/uploads\/2019\/12\/auto_liria1576405017-300x197.jpg 300w, https:\/\/zjarr.tv\/wp-content\/uploads\/2019\/12\/auto_liria1576405017-768x505.jpg 768w, https:\/\/zjarr.tv\/wp-content\/uploads\/2019\/12\/auto_liria1576405017-696x458.jpg 696w, https:\/\/zjarr.tv\/wp-content\/uploads\/2019\/12\/auto_liria1576405017-741x486.jpg 741w, https:\/\/zjarr.tv\/wp-content\/uploads\/2019\/12\/auto_liria1576405017-639x420.jpg 639w, https:\/\/zjarr.tv\/wp-content\/uploads\/2019\/12\/auto_liria1576405017.jpg 900w\" sizes=\"auto, (max-width: 300px) 100vw, 300px\" \/><\/a><\/p>","protected":false},"excerpt":{"rendered":"<p>Qeveria shqiptare po shkon drejt finalizimit t\u00eb nj\u00eb projekti q\u00eb do fundoste p\u00ebrfundimisht fjal\u00ebn e lir\u00eb n\u00eb Shqip\u00ebri. Nismat anti-shpifje jan\u00eb kund\u00ebrshtuar nga dhjet\u00ebra organizata dhe institucione t\u00eb r\u00ebnd\u00ebsishme europiane dhe amerikane. BIRN vler\u00ebson n\u00eb nj\u00eb shkrim se n\u00ebse do miratohen k\u00ebto nisma m\u00eb 19 dhjetor, Shqip\u00ebria nuk do jet\u00eb m\u00eb demokraci hibride- pra nj\u00eb [&hellip;]<\/p>\n","protected":false},"author":2013,"featured_media":118549,"comment_status":"open","ping_status":"closed","sticky":false,"template":"","format":"standard","meta":{"footnotes":""},"categories":[241,235],"tags":[],"class_list":{"0":"post-118547","1":"post","2":"type-post","3":"status-publish","4":"format-standard","5":"has-post-thumbnail","7":"category-aktualitet","8":"category-vendi"},"_links":{"self":[{"href":"https:\/\/zjarr.tv\/en\/wp-json\/wp\/v2\/posts\/118547","targetHints":{"allow":["GET"]}}],"collection":[{"href":"https:\/\/zjarr.tv\/en\/wp-json\/wp\/v2\/posts"}],"about":[{"href":"https:\/\/zjarr.tv\/en\/wp-json\/wp\/v2\/types\/post"}],"author":[{"embeddable":true,"href":"https:\/\/zjarr.tv\/en\/wp-json\/wp\/v2\/users\/2013"}],"replies":[{"embeddable":true,"href":"https:\/\/zjarr.tv\/en\/wp-json\/wp\/v2\/comments?post=118547"}],"version-history":[{"count":0,"href":"https:\/\/zjarr.tv\/en\/wp-json\/wp\/v2\/posts\/118547\/revisions"}],"wp:featuredmedia":[{"embeddable":true,"href":"https:\/\/zjarr.tv\/en\/wp-json\/wp\/v2\/media\/118549"}],"wp:attachment":[{"href":"https:\/\/zjarr.tv\/en\/wp-json\/wp\/v2\/media?parent=118547"}],"wp:term":[{"taxonomy":"category","embeddable":true,"href":"https:\/\/zjarr.tv\/en\/wp-json\/wp\/v2\/categories?post=118547"},{"taxonomy":"post_tag","embeddable":true,"href":"https:\/\/zjarr.tv\/en\/wp-json\/wp\/v2\/tags?post=118547"}],"curies":[{"name":"wp","href":"https:\/\/api.w.org\/{rel}","templated":true}]}}