{"id":118609,"date":"2019-12-15T17:51:57","date_gmt":"2019-12-15T16:51:57","guid":{"rendered":"https:\/\/zjarr.tv\/?p=118609"},"modified":"2019-12-15T17:51:57","modified_gmt":"2019-12-15T16:51:57","slug":"berisha-citon-kennedy-n-armiku-me-i-keq-njeriu-qe-dhunon-fjalen-e-lire","status":"publish","type":"post","link":"https:\/\/zjarr.tv\/en\/berisha-citon-kennedy-n-armiku-me-i-keq-njeriu-qe-dhunon-fjalen-e-lire\/","title":{"rendered":"Berisha citon Kennedy-n: Armiku m\u00eb i keq, njeriu q\u00eb dhunon fjal\u00ebn e lir\u00eb"},"content":{"rendered":"<p>Pjes\u00ebmarr\u00ebs n\u00eb Akademin\u00eb Politike t\u00eb zhvilluar nga FRPD dhe fondacioni \u201cKonrad Adenauer\u201d, ish kryeministri Sali Berisha \u00ebsht\u00eb ndalur edhe projektligji i qeveris\u00eb p\u00ebr mediat, i kund\u00ebrshtuar me forc\u00eb nga gazetar\u00ebt dhe faktori nd\u00ebrkomb\u00ebtar.<\/p>\n<p>Sipas Berish\u00ebs, k\u00ebto jan\u00eb standarde t\u00eb denja p\u00ebr vende si Korea e Veriut apo Venezuela.<\/p>\n<p>Ish kryeministri shtoi se, nuk ka armik m\u00eb t\u00eb madh p\u00ebr njeriun se sa ai q\u00eb dhunon fjal\u00ebn e lir\u00eb.<\/p>\n<p>\u201cDemokracia po shket n\u00eb kakistrokraci. Se njeriu q\u00eb kryeson ekzekutivin shqiptar, vet\u00ebm jav\u00ebn e fundit, u \u00ebsht\u00eb drejtuar mediave t\u00eb vendit se u tregojn\u00eb shqiptar\u00ebve t\u00eb v\u00ebrtet\u00ebn p\u00ebr dram\u00ebn e t\u00ebrmetit, iu drejtohet si qenefe. Un\u00eb po iki n\u00eb Lond\u00ebr, po ju hiqni syt\u00eb nga qenefet. Iu drejtohet gazetar\u00ebve si kazan\u00eb dhe hale. I drejtohet analist qenit q\u00eb leh. A ekziston kund ky standard n\u00eb Europ\u00eb, n\u00eb hap\u00ebsir\u00ebn e OSBE. Un\u00eb druaj se ve\u00e7 Kores\u00eb s\u00eb Veriut dhe Venezuel\u00ebs, jo.<\/p>\n<div id=\"rekl-42\"><\/div>\n<p>Ky njeri m\u00eb 1 janar do t\u00eb marr\u00eb drejtimin e OSBE. Jeni t\u00eb rinj dhe uroj t\u00eb mos keni armiq. John Kennedy thoshte: Tre jan\u00eb armiqt\u00eb e njeriut: Tirania, s\u00ebmundja dhe varf\u00ebria. N\u00ebse m\u00eb pyesni mua, armiku m\u00eb i keq \u00ebsht\u00eb njeriu q\u00eb dhunon fjal\u00ebn e lir\u00eb. Ai fillon me fjal\u00ebn e vazhdon me \u00e7do krim. Dhe ky n\u00eb Shqip\u00ebri \u00ebsht\u00eb Edi Rama\u201d, u shpreh nd\u00ebr t\u00eb tjera ish kryeministri Sali Berisha.<\/p>","protected":false},"excerpt":{"rendered":"<p>Pjes\u00ebmarr\u00ebs n\u00eb Akademin\u00eb Politike t\u00eb zhvilluar nga FRPD dhe fondacioni \u201cKonrad Adenauer\u201d, ish kryeministri Sali Berisha \u00ebsht\u00eb ndalur edhe projektligji i qeveris\u00eb p\u00ebr mediat, i kund\u00ebrshtuar me forc\u00eb nga gazetar\u00ebt dhe faktori nd\u00ebrkomb\u00ebtar. Sipas Berish\u00ebs, k\u00ebto jan\u00eb standarde t\u00eb denja p\u00ebr vende si Korea e Veriut apo Venezuela. Ish kryeministri shtoi se, nuk ka armik [&hellip;]<\/p>\n","protected":false},"author":2013,"featured_media":65486,"comment_status":"open","ping_status":"closed","sticky":false,"template":"","format":"standard","meta":{"footnotes":""},"categories":[241,235],"tags":[],"class_list":{"0":"post-118609","1":"post","2":"type-post","3":"status-publish","4":"format-standard","5":"has-post-thumbnail","7":"category-aktualitet","8":"category-vendi"},"_links":{"self":[{"href":"https:\/\/zjarr.tv\/en\/wp-json\/wp\/v2\/posts\/118609","targetHints":{"allow":["GET"]}}],"collection":[{"href":"https:\/\/zjarr.tv\/en\/wp-json\/wp\/v2\/posts"}],"about":[{"href":"https:\/\/zjarr.tv\/en\/wp-json\/wp\/v2\/types\/post"}],"author":[{"embeddable":true,"href":"https:\/\/zjarr.tv\/en\/wp-json\/wp\/v2\/users\/2013"}],"replies":[{"embeddable":true,"href":"https:\/\/zjarr.tv\/en\/wp-json\/wp\/v2\/comments?post=118609"}],"version-history":[{"count":0,"href":"https:\/\/zjarr.tv\/en\/wp-json\/wp\/v2\/posts\/118609\/revisions"}],"wp:featuredmedia":[{"embeddable":true,"href":"https:\/\/zjarr.tv\/en\/wp-json\/wp\/v2\/media\/65486"}],"wp:attachment":[{"href":"https:\/\/zjarr.tv\/en\/wp-json\/wp\/v2\/media?parent=118609"}],"wp:term":[{"taxonomy":"category","embeddable":true,"href":"https:\/\/zjarr.tv\/en\/wp-json\/wp\/v2\/categories?post=118609"},{"taxonomy":"post_tag","embeddable":true,"href":"https:\/\/zjarr.tv\/en\/wp-json\/wp\/v2\/tags?post=118609"}],"curies":[{"name":"wp","href":"https:\/\/api.w.org\/{rel}","templated":true}]}}