{"id":119043,"date":"2019-12-21T14:58:57","date_gmt":"2019-12-21T13:58:57","guid":{"rendered":"https:\/\/zjarr.tv\/?p=119043"},"modified":"2019-12-21T14:58:57","modified_gmt":"2019-12-21T13:58:57","slug":"rama-kosova-po-hyn-ne-nje-rruge-qorre-ka-ngrene-e-pire-me-palen-serbe","status":"publish","type":"post","link":"https:\/\/zjarr.tv\/en\/rama-kosova-po-hyn-ne-nje-rruge-qorre-ka-ngrene-e-pire-me-palen-serbe\/","title":{"rendered":"Rama: Kosova po hyn n\u00eb nj\u00eb rrug\u00eb qorre, ka ngr\u00ebn\u00eb e pir\u00eb me pal\u00ebn serbe"},"content":{"rendered":"<p>Kryeministri Edi Rama foli p\u00ebr mediat pas konferenc\u00ebs s\u00eb p\u00ebrbashk\u00ebt me Presidentin e Serbis\u00eb, Aleksand\u00ebr Vu\u00e7i\u00e7, at\u00eb t\u00eb Malit t\u00eb Zi, Milo Gjukanovi\u00e7, dhe Kryeministrin e Maqedonis\u00eb s\u00eb Veriut, Zoran Zaev.<\/p>\n<p>Rama u pyet nga gazetar\u00ebt p\u00ebr munges\u00ebn e Kosov\u00ebs n\u00eb k\u00ebt\u00eb Samit, duke th\u00ebn\u00eb se vendi i dyt\u00eb i shqiptar\u00ebve po hyn n\u00eb nj\u00eb rrug\u00eb qorre. Sipas kryeministrit, Kosova \u00ebsht\u00eb ulur me Serbin\u00eb n\u00eb Berlin, Lond\u00ebr, Sarajev\u00eb, e shum\u00eb vende t\u00eb tjera, p\u00ebr t\u00eb nj\u00ebjtat \u00e7\u00ebshtje, madje ka ngr\u00ebn\u00eb edhe dreka e darka, ndaj dhe me refuzimin n\u00eb k\u00ebt\u00eb samit po humb reputacionin dhe respektin.<\/p>\n<p>M\u00eb tej, ai shtoi se Kosova \u00ebsht\u00eb ftuar p\u00ebr t\u00eb qen\u00eb e pranishme dhe ndaj saj nuk \u00ebsht\u00eb v\u00ebn\u00eb asnj\u00eb kusht dhe nuk \u00ebsht\u00eb se ka ndryshuar qasje p\u00ebr t\u00eb drejt\u00ebn e saj p\u00ebr njohje nga Serbia.<\/p>\n<p>\u201cDua t\u2019iu kujtoj patriot\u00ebve t\u00eb profileve fallso n\u00eb \u201cFacebook\u201d q\u00eb b\u00ebjn\u00eb sikur kan\u00eb r\u00ebn\u00eb nga qielli, q\u00eb ka 5 vjet, q\u00eb v\u00ebllez\u00ebrit e Kosov\u00ebs jan\u00eb n\u00eb tryez\u00eb me Presidentin e Serbis\u00eb, me kryeministren e Serbis\u00eb, me gjith\u00eb t\u00eb tjer\u00ebt, n\u00eb Berlin, n\u00eb Lond\u00ebr, n\u00eb Sarajev\u00eb, n\u00eb shum\u00eb vende, dhe duket sikur \u00ebsht\u00eb hera e par\u00eb q\u00eb b\u00ebhet nj\u00eb takim p\u00ebr ato gj\u00ebra, p\u00ebr t\u00eb cilat v\u00ebllez\u00ebrit e Kosov\u00ebs kan\u00eb r\u00ebn\u00eb dakord me vite t\u00eb t\u00ebra.<\/p>\n<p>\u00cbsht\u00eb mir\u00eb t\u00eb kuptohet kjo. \u00cbsht\u00eb mir\u00eb t\u00eb kuptohet q\u00eb kan\u00eb ngr\u00ebn\u00eb e pir\u00eb n\u00ebp\u00ebr tryeza darka e dreka pune me pal\u00ebn serbe dhe me tjer\u00ebt, dhe kan\u00eb b\u00ebr\u00eb shum\u00eb mir\u00eb. Kjo nuk do t\u00eb thot\u00eb q\u00eb kan\u00eb hequr dor\u00eb nga pavar\u00ebsia, apo t\u00eb gjitha pretendimet legjitime lidhur me t\u00eb shkuar\u00ebn, por kan\u00eb qen\u00eb t\u00eb ulur aty sepse jetojm\u00eb n\u00eb nj\u00eb bot\u00eb t\u00eb nd\u00ebrlidhur. Kosova \u00ebsht\u00eb pjell\u00eb e luft\u00ebs s\u00eb popullit t\u00eb saj, por mbi t\u00eb gjitha e luft\u00ebs me bomba t\u00eb SHBA dhe t\u00eb shum\u00eb prej vendeve t\u00eb m\u00ebdha t\u00eb BE.<\/p>\n<p>Nd\u00ebrkoh\u00eb q\u00eb i gjith\u00eb Bashkimi Evropian deh SHBA jan\u00eb sot n\u00eb tryez\u00eb, Kosova mungon, jo se nuk \u00ebsht\u00eb ftuar, se i \u00ebsht\u00eb v\u00ebn\u00eb ndonj\u00eb kusht apo se kemi ndryshuar ndonj\u00eb qasje p\u00ebr t\u00eb drejt\u00ebn e saj p\u00ebr t\u00eb qen\u00eb e njohur nga Serbia, por se ka hyr\u00eb n\u00eb nj\u00eb rrug\u00eb qorre. Prej disa koh\u00ebsh po i bie vetes dhe po humb respekt, reputacion. M\u00eb thoni nj\u00eb gj\u00eb me t\u00eb cil\u00ebn Kosova nuk ka qen\u00eb dakord, ka qen\u00eb n\u00eb tryez\u00eb t\u00eb Procesit t\u00eb Berlinit, t\u00eb CEFTA, kan\u00eb qen\u00eb n\u00eb t\u00eb gjitha\u201d, tha Rama.<\/p>\n<p><strong>Nuk \u00ebsht\u00eb dakord me deklarat\u00ebn e Vu\u00e7i\u00e7 p\u00ebr masakr\u00ebn e Re\u00e7akut \u2026<\/strong><br \/>\nNuk jam dakord as un\u00eb me t\u00eb, e kam d\u00ebnuar publikisht, por un\u00eb nuk di ndonj\u00eb histori, ku pal\u00ebt nuk kan\u00eb k\u00ebrkuar dialog, por as q\u00eb zgjidhjet t\u00eb kan\u00eb ardhur sa hap e mbyll syt\u00eb. Zgjidhjet duan k\u00ebmb\u00ebngulje, jo barrikada qorre n\u00eb \u201cFacebook\u201d.<\/p>\n<p><strong>A keni p\u00ebrgjegj\u00ebsi p\u00ebr munges\u00ebn e Kosov\u00ebs?<\/strong><br \/>\nUn\u00eb do t\u00eb ndjeja p\u00ebrgjegj\u00ebsi personale, n\u00ebse Kosova nuk do t\u00eb ishte e ftuar apo do t\u00eb kishte kusht p\u00ebr t\u00eb. Un\u00eb e kam arritur at\u00eb q\u00eb t\u00eb tjer\u00ebt nuk e kan\u00eb arritur dot, q\u00eb Serbia t\u00eb vij\u00eb n\u00eb tryez\u00eb pa kushte me Kosov\u00ebn, q\u00eb t\u00eb hapen kufijt\u00eb dhe t\u00eb ket\u00eb l\u00ebvizje t\u00eb lir\u00eb.<\/p>","protected":false},"excerpt":{"rendered":"<p>Kryeministri Edi Rama foli p\u00ebr mediat pas konferenc\u00ebs s\u00eb p\u00ebrbashk\u00ebt me Presidentin e Serbis\u00eb, Aleksand\u00ebr Vu\u00e7i\u00e7, at\u00eb t\u00eb Malit t\u00eb Zi, Milo Gjukanovi\u00e7, dhe Kryeministrin e Maqedonis\u00eb s\u00eb Veriut, Zoran Zaev. Rama u pyet nga gazetar\u00ebt p\u00ebr munges\u00ebn e Kosov\u00ebs n\u00eb k\u00ebt\u00eb Samit, duke th\u00ebn\u00eb se vendi i dyt\u00eb i shqiptar\u00ebve po hyn n\u00eb nj\u00eb [&hellip;]<\/p>\n","protected":false},"author":2013,"featured_media":119013,"comment_status":"open","ping_status":"closed","sticky":false,"template":"","format":"standard","meta":{"footnotes":""},"categories":[241,235],"tags":[],"class_list":{"0":"post-119043","1":"post","2":"type-post","3":"status-publish","4":"format-standard","5":"has-post-thumbnail","7":"category-aktualitet","8":"category-vendi"},"_links":{"self":[{"href":"https:\/\/zjarr.tv\/en\/wp-json\/wp\/v2\/posts\/119043","targetHints":{"allow":["GET"]}}],"collection":[{"href":"https:\/\/zjarr.tv\/en\/wp-json\/wp\/v2\/posts"}],"about":[{"href":"https:\/\/zjarr.tv\/en\/wp-json\/wp\/v2\/types\/post"}],"author":[{"embeddable":true,"href":"https:\/\/zjarr.tv\/en\/wp-json\/wp\/v2\/users\/2013"}],"replies":[{"embeddable":true,"href":"https:\/\/zjarr.tv\/en\/wp-json\/wp\/v2\/comments?post=119043"}],"version-history":[{"count":0,"href":"https:\/\/zjarr.tv\/en\/wp-json\/wp\/v2\/posts\/119043\/revisions"}],"wp:featuredmedia":[{"embeddable":true,"href":"https:\/\/zjarr.tv\/en\/wp-json\/wp\/v2\/media\/119013"}],"wp:attachment":[{"href":"https:\/\/zjarr.tv\/en\/wp-json\/wp\/v2\/media?parent=119043"}],"wp:term":[{"taxonomy":"category","embeddable":true,"href":"https:\/\/zjarr.tv\/en\/wp-json\/wp\/v2\/categories?post=119043"},{"taxonomy":"post_tag","embeddable":true,"href":"https:\/\/zjarr.tv\/en\/wp-json\/wp\/v2\/tags?post=119043"}],"curies":[{"name":"wp","href":"https:\/\/api.w.org\/{rel}","templated":true}]}}