{"id":119045,"date":"2019-12-21T15:09:21","date_gmt":"2019-12-21T14:09:21","guid":{"rendered":"https:\/\/zjarr.tv\/?p=119045"},"modified":"2019-12-21T15:09:21","modified_gmt":"2019-12-21T14:09:21","slug":"rama-i-pergjigjet-ashper-haradinajt-i-paditur-klasik-genjeshtar-qe-nuk-di-pse-e-ben","status":"publish","type":"post","link":"https:\/\/zjarr.tv\/en\/rama-i-pergjigjet-ashper-haradinajt-i-paditur-klasik-genjeshtar-qe-nuk-di-pse-e-ben\/","title":{"rendered":"Rama i p\u00ebrgjigjet ashp\u00ebr Haradinajt: I paditur klasik, g\u00ebnjeshtar q\u00eb nuk di pse e b\u00ebn"},"content":{"rendered":"<p>Kryeministri Edi Rama i \u00ebsht\u00eb p\u00ebrgjigjur me tone t\u00eb ashpra kryeministrit n\u00eb detyr\u00eb t\u00eb Kosov\u00ebs, Ramush Haradinaj, i cili tha se Samiti i tret\u00eb i minishengenit, q\u00eb po mbahet n\u00eb Tiran\u00eb, ka p\u00ebr q\u00ebllim heqjen e taks\u00ebs ndaj mallrave serbe. N\u00eb nj\u00eb reagim p\u00ebr media, pas Samitit, Rama tha se Haradinaj \u00ebsht\u00eb nj\u00eb g\u00ebnjeshtar dhe i paditur klasik, q\u00eb nuk e di pse po e b\u00ebn k\u00ebt\u00eb gj\u00eb.<\/p>\n<p>\u201cNd\u00ebrhyrje prej t\u00eb padituri klasik q\u00eb merret llokum dhe paraqitet mediatikisht. Si b\u00ebhet kjo, n\u00eb \u00e7far\u00eb forme b\u00ebhet? Nuk ka asnj\u00eb nyje detyruese kjo marr\u00ebveshje, Haradinaj \u00ebsht\u00eb nj\u00eb g\u00ebnjeshtar q\u00eb g\u00ebnjen s\u00ebrish, nuk di n\u00ebse e b\u00ebn nga padija, por se \u00ebsht\u00eb g\u00ebnjeshtar, pasi k\u00ebtu nuk ka asnj\u00eb kusht apo detyrim.<\/p>\n<p>Kjo marr\u00ebveshje ka vet\u00ebm nj\u00eb q\u00ebllim, t\u00eb zbatoj\u00eb marr\u00ebveshjet e b\u00ebra m\u00eb par\u00eb mes t\u00eb gjitha vendeve. Un\u00eb dua q\u00eb n\u00eb k\u00ebt\u00eb proces ne t\u00eb fusim hap pas hapi edhe element\u00eb t\u00eb tjer\u00eb, q\u00eb ka t\u00eb b\u00ebj\u00eb me zhbllokimin e ng\u00ebr\u00e7it p\u00ebr energjin\u00eb. \u00cbsht\u00eb nj\u00eb ng\u00ebr\u00e7 i madh, q\u00eb nuk zgjidhet me sharje, fyerje. Kjo \u00ebsht\u00eb nj\u00eb g\u00ebnjesht\u00ebr, sepse nuk ka asnj\u00eb lloj detyrimi n\u00eb k\u00ebt\u00eb aspekt. N\u00ebse Kosova hyn n\u00eb k\u00ebt\u00eb proces dhe thot\u00eb q\u00eb marr\u00ebveshjen p\u00ebr l\u00ebvizjen e lir\u00eb p\u00ebr njer\u00ebzit, mallrat, kapitalet, un\u00eb nuk dua ta b\u00ebj me Serbin\u00eb, por me Maqedonin\u00eb e Veriut, nuk i thot\u00eb njeri gj\u00eb.<\/p>\n<p>\u00cbsht\u00eb nj\u00eb tym q\u00eb ngrihet nga rrethi vicioz dhe rruga qorre, ku \u00ebsht\u00eb sot politika n\u00eb Kosov\u00eb, q\u00eb shpresoj t\u00eb jet\u00eb rezultat i nj\u00eb momenti paqart\u00ebsie dhe t\u00eb zgjidhet, kur t\u00eb vij\u00eb qeveria e re, me t\u00eb cil\u00ebn do punojm\u00eb. Ne nuk kemi ndryshuar asgj\u00eb n\u00eb raport me q\u00ebndrimin solid t\u00eb pal\u00ebkundur, q\u00eb Serbia duhet t\u00eb njoh\u00eb Kosov\u00ebn. Por, jeta e p\u00ebrditshme na m\u00ebson se ka plot gj\u00ebra t\u00eb tjera q\u00eb mund t\u00eb b\u00ebhen, dhe duke b\u00ebr\u00eb gj\u00ebrat e reja leht\u00ebsohet edhe procesi tjet\u00ebr\u201d, deklaroi Rama.<\/p>","protected":false},"excerpt":{"rendered":"<p>Kryeministri Edi Rama i \u00ebsht\u00eb p\u00ebrgjigjur me tone t\u00eb ashpra kryeministrit n\u00eb detyr\u00eb t\u00eb Kosov\u00ebs, Ramush Haradinaj, i cili tha se Samiti i tret\u00eb i minishengenit, q\u00eb po mbahet n\u00eb Tiran\u00eb, ka p\u00ebr q\u00ebllim heqjen e taks\u00ebs ndaj mallrave serbe. N\u00eb nj\u00eb reagim p\u00ebr media, pas Samitit, Rama tha se Haradinaj \u00ebsht\u00eb nj\u00eb g\u00ebnjeshtar dhe [&hellip;]<\/p>\n","protected":false},"author":2013,"featured_media":97483,"comment_status":"open","ping_status":"closed","sticky":false,"template":"","format":"standard","meta":{"footnotes":""},"categories":[241,235],"tags":[],"class_list":{"0":"post-119045","1":"post","2":"type-post","3":"status-publish","4":"format-standard","5":"has-post-thumbnail","7":"category-aktualitet","8":"category-vendi"},"_links":{"self":[{"href":"https:\/\/zjarr.tv\/en\/wp-json\/wp\/v2\/posts\/119045","targetHints":{"allow":["GET"]}}],"collection":[{"href":"https:\/\/zjarr.tv\/en\/wp-json\/wp\/v2\/posts"}],"about":[{"href":"https:\/\/zjarr.tv\/en\/wp-json\/wp\/v2\/types\/post"}],"author":[{"embeddable":true,"href":"https:\/\/zjarr.tv\/en\/wp-json\/wp\/v2\/users\/2013"}],"replies":[{"embeddable":true,"href":"https:\/\/zjarr.tv\/en\/wp-json\/wp\/v2\/comments?post=119045"}],"version-history":[{"count":0,"href":"https:\/\/zjarr.tv\/en\/wp-json\/wp\/v2\/posts\/119045\/revisions"}],"wp:featuredmedia":[{"embeddable":true,"href":"https:\/\/zjarr.tv\/en\/wp-json\/wp\/v2\/media\/97483"}],"wp:attachment":[{"href":"https:\/\/zjarr.tv\/en\/wp-json\/wp\/v2\/media?parent=119045"}],"wp:term":[{"taxonomy":"category","embeddable":true,"href":"https:\/\/zjarr.tv\/en\/wp-json\/wp\/v2\/categories?post=119045"},{"taxonomy":"post_tag","embeddable":true,"href":"https:\/\/zjarr.tv\/en\/wp-json\/wp\/v2\/tags?post=119045"}],"curies":[{"name":"wp","href":"https:\/\/api.w.org\/{rel}","templated":true}]}}