{"id":121465,"date":"2020-02-07T11:58:54","date_gmt":"2020-02-07T10:58:54","guid":{"rendered":"https:\/\/zjarr.tv\/?p=121465"},"modified":"2020-02-07T11:58:54","modified_gmt":"2020-02-07T10:58:54","slug":"shuarja-e-kengetares-se-shekullit-nexhmije-pagarusha","status":"publish","type":"post","link":"https:\/\/zjarr.tv\/en\/shuarja-e-kengetares-se-shekullit-nexhmije-pagarusha\/","title":{"rendered":"Shuarja e \u201cK\u00ebng\u00ebtares s\u00eb Shekullit\u201d, Nexhmije Pagarusha"},"content":{"rendered":"<p><strong><em>Bylbyli i muzik\u00ebs shqipe ka vde kur n\u00eb mosh\u00ebn 86 vje\u00e7are.<\/em><\/strong><\/p>\n<p>Ajo njihet si nd\u00ebr k\u00ebng\u00ebtaret shqiptare me z\u00ebrin m\u00eb t\u00eb ve\u00e7ant\u00eb dhe m\u00eb t\u00eb fuqish\u00ebm q\u00eb kemi pasur deri sot. Inspirim p\u00ebr shum\u00eb gjenerata pas saj, Nexhmije Pagarusha \u00ebsht\u00eb lindur m\u00eb 7 maj t\u00eb vitit 1933 n\u00eb fshatin Pagarush\u00eb af\u00ebr Malishev\u00ebs. Shpesh e quajtur si \u201cMbret\u00ebresha e Muzik\u00ebs Shqiptare\u201d, artistja \u00ebsht\u00eb b\u00ebr\u00eb e njohur si k\u00ebng\u00ebtare n\u00eb Shqip\u00ebri dhe vendet fqinje p\u00ebr vokalin e saj t\u00eb ve\u00e7ant\u00eb prej sopranoje.<a href=\"https:\/\/zjarr.tv\/wp-content\/uploads\/2020\/02\/Untitled.jpg\"><img loading=\"lazy\" decoding=\"async\" class=\"alignnone size-medium wp-image-121467\" src=\"https:\/\/zjarr.tv\/wp-content\/uploads\/2020\/02\/Untitled-300x185.jpg\" alt=\"\" width=\"300\" height=\"185\" srcset=\"https:\/\/zjarr.tv\/wp-content\/uploads\/2020\/02\/Untitled-300x185.jpg 300w, https:\/\/zjarr.tv\/wp-content\/uploads\/2020\/02\/Untitled-356x220.jpg 356w, https:\/\/zjarr.tv\/wp-content\/uploads\/2020\/02\/Untitled-696x430.jpg 696w, https:\/\/zjarr.tv\/wp-content\/uploads\/2020\/02\/Untitled-741x460.jpg 741w, https:\/\/zjarr.tv\/wp-content\/uploads\/2020\/02\/Untitled-680x420.jpg 680w, https:\/\/zjarr.tv\/wp-content\/uploads\/2020\/02\/Untitled.jpg 745w\" sizes=\"auto, (max-width: 300px) 100vw, 300px\" \/><\/a><\/p>\n<p>Pagarusha ka p\u00ebrfunduar tre vjet t\u00eb shkoll\u00ebs s\u00eb muzik\u00ebs n\u00eb Beograd, p\u00ebr k\u00ebndim solo dhe ka filluar karrier\u00ebn e saj si k\u00ebng\u00ebtare n\u00eb vitin 1948 n\u00eb Radio Prishtina. Karriera e saj muzikore zgjati p\u00ebr 40 vjet, fal\u00eb kontrastit n\u00eb zhanret e muzik\u00ebs q\u00eb ka performuar, duke k\u00ebnduar muzik\u00eb folklorike n\u00eb m\u00ebnyr\u00eb perfekte, e nj\u00ebsoj edhe at\u00eb klasike, sidomos opera.Nexhmije Pagarusha nga admiruesit dhe kritik\u00ebt e muzik\u00ebs quhet edhe \u2018Bilbili i Kosov\u00ebs\u2019, \u2018Mbret\u00ebresh\u00eb e Muzik\u00ebs Shqipe\u2019 e \u2018Zonja Flutur\u2019.<\/p>\n<p><a href=\"https:\/\/zjarr.tv\/wp-content\/uploads\/2020\/02\/nexhmije-pagarusha-e1531906439524-590x354-1.jpg\"><img loading=\"lazy\" decoding=\"async\" class=\"alignnone size-medium wp-image-121468\" src=\"https:\/\/zjarr.tv\/wp-content\/uploads\/2020\/02\/nexhmije-pagarusha-e1531906439524-590x354-1-300x180.jpg\" alt=\"\" width=\"300\" height=\"180\" srcset=\"https:\/\/zjarr.tv\/wp-content\/uploads\/2020\/02\/nexhmije-pagarusha-e1531906439524-590x354-1-300x180.jpg 300w, https:\/\/zjarr.tv\/wp-content\/uploads\/2020\/02\/nexhmije-pagarusha-e1531906439524-590x354-1.jpg 590w\" sizes=\"auto, (max-width: 300px) 100vw, 300px\" \/><\/a><\/p>\n<p>Derisa n\u00eb Kosov\u00eb e mori titullin \u201cK\u00ebng\u00ebtarja e Shekullit\u201d, ajo kishte popullaritet dhe n\u00eb vendet e ndryshme Evropiane, ku mbante edhe koncerte sidomos me ansamblin e njohur \u201cShota\u201d, n\u00eb vendet si Mqedoni, Bosnj\u00eb, Bullgari e madje edhe n\u00eb Izrael.<\/p>\n<p>K\u00ebnga e saj m\u00eb e njohur \u00ebsht\u00eb \u201cBaresha\u201d, e kompozuar nga bashk\u00ebshorti i saj, Rexho Mulliqi me tekst t\u00eb Rifat Kukaj. Me k\u00ebt\u00eb k\u00ebng\u00eb ajo performoi n\u00eb shum\u00eb festivali dhe fitoi shum\u00eb \u00e7mime. K\u00ebng\u00ebtarja e p\u00ebrfundoi karrier\u00ebn e saj muzikore n\u00eb vitin 1984, me nj\u00eb koncert t\u00eb madh n\u00eb Sarajev\u00eb. Disa nga k\u00ebng\u00ebt e saj m\u00eb t\u00eb njohura jan\u00eb \u201cAni mori nuse\u201d, \u201cMora testin\u201d, \u201cKur m\u00eb shkon si zog n\u2019hava\u201d.<\/p>\n<p><a href=\"https:\/\/zjarr.tv\/wp-content\/uploads\/2020\/02\/unnamed.jpg\"><img loading=\"lazy\" decoding=\"async\" class=\"alignnone size-medium wp-image-121469\" src=\"https:\/\/zjarr.tv\/wp-content\/uploads\/2020\/02\/unnamed-230x300.jpg\" alt=\"\" width=\"230\" height=\"300\" srcset=\"https:\/\/zjarr.tv\/wp-content\/uploads\/2020\/02\/unnamed-230x300.jpg 230w, https:\/\/zjarr.tv\/wp-content\/uploads\/2020\/02\/unnamed-322x420.jpg 322w, https:\/\/zjarr.tv\/wp-content\/uploads\/2020\/02\/unnamed.jpg 392w\" sizes=\"auto, (max-width: 230px) 100vw, 230px\" \/><\/a><a href=\"https:\/\/zjarr.tv\/wp-content\/uploads\/2020\/02\/5aaa7d95fd7a0ce48022050882c95f5b.jpg\"><img loading=\"lazy\" decoding=\"async\" class=\"alignnone size-medium wp-image-121470\" src=\"https:\/\/zjarr.tv\/wp-content\/uploads\/2020\/02\/5aaa7d95fd7a0ce48022050882c95f5b-300x225.jpg\" alt=\"\" width=\"300\" height=\"225\" srcset=\"https:\/\/zjarr.tv\/wp-content\/uploads\/2020\/02\/5aaa7d95fd7a0ce48022050882c95f5b-300x225.jpg 300w, https:\/\/zjarr.tv\/wp-content\/uploads\/2020\/02\/5aaa7d95fd7a0ce48022050882c95f5b-80x60.jpg 80w, https:\/\/zjarr.tv\/wp-content\/uploads\/2020\/02\/5aaa7d95fd7a0ce48022050882c95f5b-265x198.jpg 265w, https:\/\/zjarr.tv\/wp-content\/uploads\/2020\/02\/5aaa7d95fd7a0ce48022050882c95f5b.jpg 480w\" sizes=\"auto, (max-width: 300px) 100vw, 300px\" \/><\/a><\/p>","protected":false},"excerpt":{"rendered":"<p>Bylbyli i muzik\u00ebs shqipe ka vde kur n\u00eb mosh\u00ebn 86 vje\u00e7are. Ajo njihet si nd\u00ebr k\u00ebng\u00ebtaret shqiptare me z\u00ebrin m\u00eb t\u00eb ve\u00e7ant\u00eb dhe m\u00eb t\u00eb fuqish\u00ebm q\u00eb kemi pasur deri sot. Inspirim p\u00ebr shum\u00eb gjenerata pas saj, Nexhmije Pagarusha \u00ebsht\u00eb lindur m\u00eb 7 maj t\u00eb vitit 1933 n\u00eb fshatin Pagarush\u00eb af\u00ebr Malishev\u00ebs. Shpesh e quajtur [&hellip;]<\/p>\n","protected":false},"author":2013,"featured_media":121466,"comment_status":"open","ping_status":"closed","sticky":false,"template":"","format":"standard","meta":{"footnotes":""},"categories":[241,235],"tags":[],"class_list":{"0":"post-121465","1":"post","2":"type-post","3":"status-publish","4":"format-standard","5":"has-post-thumbnail","7":"category-aktualitet","8":"category-vendi"},"_links":{"self":[{"href":"https:\/\/zjarr.tv\/en\/wp-json\/wp\/v2\/posts\/121465","targetHints":{"allow":["GET"]}}],"collection":[{"href":"https:\/\/zjarr.tv\/en\/wp-json\/wp\/v2\/posts"}],"about":[{"href":"https:\/\/zjarr.tv\/en\/wp-json\/wp\/v2\/types\/post"}],"author":[{"embeddable":true,"href":"https:\/\/zjarr.tv\/en\/wp-json\/wp\/v2\/users\/2013"}],"replies":[{"embeddable":true,"href":"https:\/\/zjarr.tv\/en\/wp-json\/wp\/v2\/comments?post=121465"}],"version-history":[{"count":0,"href":"https:\/\/zjarr.tv\/en\/wp-json\/wp\/v2\/posts\/121465\/revisions"}],"wp:featuredmedia":[{"embeddable":true,"href":"https:\/\/zjarr.tv\/en\/wp-json\/wp\/v2\/media\/121466"}],"wp:attachment":[{"href":"https:\/\/zjarr.tv\/en\/wp-json\/wp\/v2\/media?parent=121465"}],"wp:term":[{"taxonomy":"category","embeddable":true,"href":"https:\/\/zjarr.tv\/en\/wp-json\/wp\/v2\/categories?post=121465"},{"taxonomy":"post_tag","embeddable":true,"href":"https:\/\/zjarr.tv\/en\/wp-json\/wp\/v2\/tags?post=121465"}],"curies":[{"name":"wp","href":"https:\/\/api.w.org\/{rel}","templated":true}]}}