{"id":121475,"date":"2020-02-07T12:04:46","date_gmt":"2020-02-07T11:04:46","guid":{"rendered":"https:\/\/zjarr.tv\/?p=121475"},"modified":"2020-02-07T12:04:46","modified_gmt":"2020-02-07T11:04:46","slug":"fillojne-sot-aplikimet-per-rivleresimin-e-pronave","status":"publish","type":"post","link":"https:\/\/zjarr.tv\/en\/fillojne-sot-aplikimet-per-rivleresimin-e-pronave\/","title":{"rendered":"Fillojn\u00eb sot aplikimet p\u00ebr Rivler\u00ebsimin e Pronave"},"content":{"rendered":"<p>Kadastra shqiptare njofton se duke filluar nga dita e sotme, 7 shkurt 2020, \u00a0mund t\u00eb paraqiten pran\u00eb sporteleve t\u00eb ADISA-s (atje ku ka t\u00eb tilla) ose pran\u00eb sporteleve t\u00eb Kadastr\u00ebs p\u00ebr t\u00eb aplikuar p\u00ebr procesin e rivler\u00ebsimit t\u00eb pasurive t\u00eb tyre. Drejtori i Kadastr\u00ebs Artan Lame njoftoi gjat\u00eb nj\u00eb konference shtypi dje se q\u00eb nga dit\u00ebt e para t\u00eb janarit, ka filluar edhe aplikimi i reform\u00ebs m\u00eb t\u00eb fundit t\u00eb qeveris\u00eb Shqiptare, reforma e sh\u00ebrbimeve \u201cON LINE\u201d p\u00ebrmes platform\u00ebs \u201ce-Albania\u201d.<\/p>\n<p>Kjo b\u00ebn t\u00eb mundur q\u00eb, aplikimi p\u00ebr rivler\u00ebsimin, t\u00eb kryhet edhe \u201con line\u201d direkt nga \u00e7do i interesuar. Gjej rastin q\u00eb t\u00eb ftoj qytetar\u00ebt q\u00eb masivisht ti drejtohen k\u00ebsaj m\u00ebnyre sh\u00ebrbimi, duke aplikuar vet\u00eb direkt nga kompiuterat apo telefonet celular\u00eb personal\u00eb, &#8211; tha Lame.<\/p>\n<p>Esht\u00eb e natyrshme ngarkesa e dit\u00ebve t\u00eb para t\u00eb aplikimit t\u00eb k\u00ebsaj reforme, q\u00eb k\u00ebrkon p\u00ebrshtatjen edhe t\u00eb sistemeve t\u00eb pun\u00ebs s\u00eb vet\u00eb institucioneve, por n\u00eb m\u00ebnyr\u00eb t\u00eb ve\u00e7ant\u00eb k\u00ebrkon ambientimin e qytetar\u00ebve me k\u00ebt\u00eb m\u00ebnyr\u00eb aplikimi. E gjith\u00eb procedura e p\u00ebrpunimit t\u00eb t\u00eb dh\u00ebnave nga ana e punonj\u00ebsve tan\u00eb, zgjat 5 dit\u00eb pune. Procesi i rivler\u00ebsimit k\u00ebsaj rradhe do t\u00eb ket\u00eb k\u00ebto dy risi:<\/p>\n<p>1. Do t\u00eb realizohet n\u00ebp\u00ebrmjet aplikimeve online, duke shkurtuar burokracit\u00eb p\u00ebr qytetaret.<br \/>\n2. Do t\u00eb aplikohet edhe p\u00ebr pasurit\u00eb e legalizuara q\u00eb jan\u00eb n\u00eb proces rregjistrimi n\u00eb Kadast\u00ebr. Krjo risi e dyt\u00eb, \u00ebsht\u00eb rezultat direkt i reform\u00ebs institucionale t\u00eb shkrirjes n\u00eb nj\u00eb t\u00eb vetme t\u00eb institucioneve t\u00eb pron\u00ebsis\u00eb, ish-Aluiznit dhe ish-ZRPP-s\u00eb.<\/p>\n<p>Me q\u00ebllim q\u00eb t\u00eb shmangim ngarkes\u00ebn e madhe t\u00eb k\u00ebtyre dit\u00ebve, nga ana jon\u00eb \u00ebsht\u00eb nd\u00ebrtuar nj\u00eb kalendar p\u00ebr shp\u00ebrndarjen e k\u00ebtij procesi p\u00ebrgjat\u00eb muajve n\u00eb vijim.<br \/>\nK\u00ebshtu, p\u00ebrgjat\u00eb muajve shkurt dhe mars do t\u00eb kryhen procesi i rivler\u00ebsimit p\u00ebr ata qytetar\u00eb q\u00eb ju sh\u00ebrben n\u00eb kuad\u00ebr t\u00eb ndjekjes s\u00eb procedurave t\u00eb tjera emergjente, si vendosja e pron\u00ebs n\u00eb bank\u00eb si kolateral apo me q\u00ebllim shitjen e pron\u00ebs s\u00eb tyre.<\/p>\n<p>N\u00eb vijim deri n\u00eb muajin shtator, kur mbyllet ky proces, do t\u00eb vijojm\u00eb sh\u00ebrbimin p\u00ebr pjes\u00ebn tjet\u00ebr t\u00eb qytetar\u00ebve t\u00eb interesuaar. N\u00ebp\u00ebrmjet procesit t\u00eb rivler\u00ebsimit, synohet q\u00eb qytetaret t\u00eb p\u00ebrfitojn\u00eb nga rivler\u00ebsimi i pasurive dhe p\u00ebrafrimi i tyre me vler\u00ebn e tregut. I shprehur n\u00eb shifra, ky p\u00ebrfitim p\u00ebr qytetar\u00ebt realizohet duke e \u00e7uar vler\u00ebn e tatim fitimit n\u00eb rast transaksioni, nga 15% n\u00eb 3%, q\u00eb e parashikon ligji i rivler\u00ebsimit.<\/p>\n<p>Ftojm\u00eb t\u00eb gjith\u00eb qytetar\u00ebt shqiptar\u00eb q\u00eb t\u00eb p\u00ebrfitojn\u00eb nga procesi i rivler\u00ebsimit, duke i b\u00ebr\u00eb pronat e tyre pjes\u00eb t\u00eb tij. Procesi i rivler\u00ebsimit t\u00eb pasurive t\u00eb paluajtshme ka filluar t\u00eb aplikohet n\u00eb Republik\u00ebn e Shqip\u00ebris\u00eb p\u00ebr her\u00eb t\u00eb par\u00eb n\u00eb vitin 2011. N\u00eb vitin 2002,\u00a0Qeveria Shqiptare ndodhur p\u00ebrpara k\u00ebrkesave t\u00eb shumta t\u00eb qytetareve nd\u00ebr vite p\u00ebr t\u00eb p\u00ebrfituar nga procesi i rivler\u00ebsimit t\u00eb pasurive t\u00eb paluajtshme dhe rritjes se t\u00eb ardhurave n\u00eb buxhetin e shtetit, miratoi Ligjin nr.90\/2019 \u201cP\u00ebr rivler\u00ebsimin e pasuris\u00eb s\u00eb paluajtshme\u201d. N\u00ebp\u00ebrmjet k\u00ebtij ligji p\u00ebrfitojn\u00eb individ\u00ebt dhe personat juridik p\u00ebr rivler\u00ebsimin e pasurive t\u00eb paluajtshme, si ato t\u00eb regjistruara dhe ato n\u00eb proces regjistrimi.<\/p>\n<p>N\u00ebp\u00ebrmjet k\u00ebtij ligji p\u00ebr individ\u00ebt ofrohet mund\u00ebsia q\u00eb rivler\u00ebsimi i pasurive t\u00eb paluajtshme t\u00eb behet nga :<br \/>\n1. Agjencia Shtet\u00ebrore e Kadastr\u00ebs ose,<br \/>\n2. Eksperti i licensuar per vler\u00ebsimin e pasurise se paluajtshme<\/p>\n<p><strong>Tatimi i parashikuar \u00ebsht\u00eb:<\/strong><\/p>\n<p><strong>P\u00ebr Individ\u00ebt<br \/>\n3% e diferenc\u00ebs midis vler\u00ebs s\u00eb dal\u00eb nga rivler\u00ebsimi me \u00e7mimet e referenc\u00ebs, me \u00e7mimet minimale fiskale n\u00eb fuqi dhe vler\u00ebs s\u00eb pasuris\u00eb t\u00eb aktit t\u00eb regjisitruar (kur rivler\u00ebsimi b\u00ebhet nga ASHK) dhe<br \/>\n3% e diferenc\u00ebs nd\u00ebrmjet vler\u00ebs s\u00eb pasqyruar n\u00eb akt ekspertimi dhe vler\u00ebs s\u00eb pasurise se aktit t\u00eb regjistruar ose vler\u00ebs s\u00eb rivler\u00ebsuar (kur rivler\u00ebsimi b\u00ebhet nga nj\u00eb ekspert privat i licensuar).<\/strong><\/p>\n<p><strong>P\u00ebr Personat juridik<br \/>\n5% e diferenc\u00ebs nd\u00ebrmjet vler\u00ebs s\u00eb rivler\u00ebsimit dhe vler\u00ebs kontab\u00ebl t\u00eb regjistruar p\u00ebr pasurit\u00eb e paluajtshme.<\/strong><\/p>\n<p>Aktet n\u00ebnligjore t\u00eb dala n\u00eb zbatim t\u00eb k\u00ebtij ligji:<br \/>\n-Vendim i K\u00ebshillit t\u00eb Ministrave p\u00ebr rivler\u00ebsimin e pasurive te paluajtshme n\u00eb proces regjistrimi.<br \/>\n-Udh\u00ebzim i Perbashket i Ministrit t\u00eb Financave dhe Ekonomis\u00eb dhe Drejtorit t\u00eb P\u00ebrgjithsh\u00ebm t\u00eb ASHK-s\u00eb.<\/p>\n<p>Nisur nga eksperienca n\u00eb vite e aplikimit t\u00eb ketij procesi n\u00ebp\u00ebrmjet tij synohet q\u00eb qytetaret t\u00eb p\u00ebrfitojn\u00eb nga rivler\u00ebsimi i pasurive me vler\u00ebn e tregut dhe t\u00eb ardhurat n\u00eb buxhetin e shtetit t\u00eb rriten si rezultat i aplikimit t\u00eb k\u00ebtij procesi. N\u00eb momentin e transaksionit per tjet\u00ebrsim pasurie, q\u00eb kryhet pas rivler\u00ebsimit kosto p\u00ebr qytetaret n\u00eb momentin e pagimit t\u00eb tatimit p\u00ebr kalimin e t\u00eb drejtes s\u00eb pron\u00ebsis\u00eb (15%) zvogelohet si pasoj\u00eb e rivler\u00ebsimit.<br \/>\nGjithashtu, n\u00ebp\u00ebrmjet aplikimit te k\u00ebtij procesi rriten transaksionet per pasurit\u00eb e paluajtshme ne qarkullimin civil, q\u00eb ndikon drejtepersedrejti ne nxitjen e tregut t\u00eb pasurive t\u00eb paluajtshme.<\/p>","protected":false},"excerpt":{"rendered":"<p>Kadastra shqiptare njofton se duke filluar nga dita e sotme, 7 shkurt 2020, \u00a0mund t\u00eb paraqiten pran\u00eb sporteleve t\u00eb ADISA-s (atje ku ka t\u00eb tilla) ose pran\u00eb sporteleve t\u00eb Kadastr\u00ebs p\u00ebr t\u00eb aplikuar p\u00ebr procesin e rivler\u00ebsimit t\u00eb pasurive t\u00eb tyre. Drejtori i Kadastr\u00ebs Artan Lame njoftoi gjat\u00eb nj\u00eb konference shtypi dje se q\u00eb nga [&hellip;]<\/p>\n","protected":false},"author":2013,"featured_media":52881,"comment_status":"open","ping_status":"closed","sticky":false,"template":"","format":"standard","meta":{"footnotes":""},"categories":[241,235],"tags":[],"class_list":{"0":"post-121475","1":"post","2":"type-post","3":"status-publish","4":"format-standard","5":"has-post-thumbnail","7":"category-aktualitet","8":"category-vendi"},"_links":{"self":[{"href":"https:\/\/zjarr.tv\/en\/wp-json\/wp\/v2\/posts\/121475","targetHints":{"allow":["GET"]}}],"collection":[{"href":"https:\/\/zjarr.tv\/en\/wp-json\/wp\/v2\/posts"}],"about":[{"href":"https:\/\/zjarr.tv\/en\/wp-json\/wp\/v2\/types\/post"}],"author":[{"embeddable":true,"href":"https:\/\/zjarr.tv\/en\/wp-json\/wp\/v2\/users\/2013"}],"replies":[{"embeddable":true,"href":"https:\/\/zjarr.tv\/en\/wp-json\/wp\/v2\/comments?post=121475"}],"version-history":[{"count":0,"href":"https:\/\/zjarr.tv\/en\/wp-json\/wp\/v2\/posts\/121475\/revisions"}],"wp:featuredmedia":[{"embeddable":true,"href":"https:\/\/zjarr.tv\/en\/wp-json\/wp\/v2\/media\/52881"}],"wp:attachment":[{"href":"https:\/\/zjarr.tv\/en\/wp-json\/wp\/v2\/media?parent=121475"}],"wp:term":[{"taxonomy":"category","embeddable":true,"href":"https:\/\/zjarr.tv\/en\/wp-json\/wp\/v2\/categories?post=121475"},{"taxonomy":"post_tag","embeddable":true,"href":"https:\/\/zjarr.tv\/en\/wp-json\/wp\/v2\/tags?post=121475"}],"curies":[{"name":"wp","href":"https:\/\/api.w.org\/{rel}","templated":true}]}}