{"id":121493,"date":"2020-02-07T13:27:12","date_gmt":"2020-02-07T12:27:12","guid":{"rendered":"https:\/\/zjarr.tv\/?p=121493"},"modified":"2020-02-07T13:27:12","modified_gmt":"2020-02-07T12:27:12","slug":"albin-kurti-me-11-shkurt-ne-tirane-si-kryeminister-i-kosoves","status":"publish","type":"post","link":"https:\/\/zjarr.tv\/en\/albin-kurti-me-11-shkurt-ne-tirane-si-kryeminister-i-kosoves\/","title":{"rendered":"Albin Kurti m\u00eb 11 shkurt n\u00eb Tiran\u00eb si kryeminist\u00ebr i Kosov\u00ebs"},"content":{"rendered":"<p>M\u00ebsohet se dit\u00ebn e mart\u00eb me dat\u00eb 11 shkurt, Kryeministri i zgjedhur i Kosov\u00ebs Albin Kurti do t\u00eb vizitoj\u00eb Tiran\u00ebn ku pritet t\u00eb ket\u00eb takime me autoritetet e larta shtet\u00ebrore. Kjo vizit\u00eb \u00ebsht\u00eb e para e Albin Kurtit si Kryeminist\u00ebr i Kosov\u00ebs q\u00eb prej marrjes s\u00eb detyr\u00ebs.<\/p>","protected":false},"excerpt":{"rendered":"<p>M\u00ebsohet se dit\u00ebn e mart\u00eb me dat\u00eb 11 shkurt, Kryeministri i zgjedhur i Kosov\u00ebs Albin Kurti do t\u00eb vizitoj\u00eb Tiran\u00ebn ku pritet t\u00eb ket\u00eb takime me autoritetet e larta shtet\u00ebrore. Kjo vizit\u00eb \u00ebsht\u00eb e para e Albin Kurtit si Kryeminist\u00ebr i Kosov\u00ebs q\u00eb prej marrjes s\u00eb detyr\u00ebs.<\/p>","protected":false},"author":2013,"featured_media":121494,"comment_status":"open","ping_status":"closed","sticky":false,"template":"","format":"standard","meta":{"footnotes":""},"categories":[241,235],"tags":[],"class_list":{"0":"post-121493","1":"post","2":"type-post","3":"status-publish","4":"format-standard","5":"has-post-thumbnail","7":"category-aktualitet","8":"category-vendi"},"_links":{"self":[{"href":"https:\/\/zjarr.tv\/en\/wp-json\/wp\/v2\/posts\/121493","targetHints":{"allow":["GET"]}}],"collection":[{"href":"https:\/\/zjarr.tv\/en\/wp-json\/wp\/v2\/posts"}],"about":[{"href":"https:\/\/zjarr.tv\/en\/wp-json\/wp\/v2\/types\/post"}],"author":[{"embeddable":true,"href":"https:\/\/zjarr.tv\/en\/wp-json\/wp\/v2\/users\/2013"}],"replies":[{"embeddable":true,"href":"https:\/\/zjarr.tv\/en\/wp-json\/wp\/v2\/comments?post=121493"}],"version-history":[{"count":0,"href":"https:\/\/zjarr.tv\/en\/wp-json\/wp\/v2\/posts\/121493\/revisions"}],"wp:featuredmedia":[{"embeddable":true,"href":"https:\/\/zjarr.tv\/en\/wp-json\/wp\/v2\/media\/121494"}],"wp:attachment":[{"href":"https:\/\/zjarr.tv\/en\/wp-json\/wp\/v2\/media?parent=121493"}],"wp:term":[{"taxonomy":"category","embeddable":true,"href":"https:\/\/zjarr.tv\/en\/wp-json\/wp\/v2\/categories?post=121493"},{"taxonomy":"post_tag","embeddable":true,"href":"https:\/\/zjarr.tv\/en\/wp-json\/wp\/v2\/tags?post=121493"}],"curies":[{"name":"wp","href":"https:\/\/api.w.org\/{rel}","templated":true}]}}