{"id":121496,"date":"2020-02-07T13:28:52","date_gmt":"2020-02-07T12:28:52","guid":{"rendered":"https:\/\/zjarr.tv\/?p=121496"},"modified":"2020-02-07T13:28:52","modified_gmt":"2020-02-07T12:28:52","slug":"luan-rama-prove-se-zgjedhjet-e-30-qershorit-kane-rene","status":"publish","type":"post","link":"https:\/\/zjarr.tv\/en\/luan-rama-prove-se-zgjedhjet-e-30-qershorit-kane-rene\/","title":{"rendered":"Luan Rama: Prov\u00eb se zgjedhjet e 30 qershorit kan\u00eb r\u00ebn\u00eb"},"content":{"rendered":"<p>N\u00ebnkryetari i LSI Luan Rama thot\u00eb se raporti i Delegacionit t\u00eb Autoriteteve Lokale t\u00eb KiE \u00ebsht\u00eb nj\u00eb prov\u00eb e qart\u00eb se zgjedhjet e 30 qershorit kan\u00eb r\u00ebn\u00eb. N\u00eb nj\u00eb dalje p\u00ebr mediat nga selia e LSI, Rama tha se Shqip\u00ebria duhet t\u00eb p\u00ebrmbush\u00eb detyrat e sht\u00ebpis\u00eb t\u00eb p\u00ebrcaktuara n\u00eb rezolut\u00ebn e Bundestagut si kusht p\u00ebr hapjen e negociatave.<\/p>\n<p><strong>Luan Rama<\/strong>:\u00a0<em>Delegacioni i Autoriteteve Lokale dhe Rajonale t\u00eb K\u00ebshillit t\u00eb Europ\u00ebs n\u00eb q\u00ebndrimin e tij zyrtar thekson p\u00ebrmes deklarat\u00ebs s\u00eb b\u00ebr\u00eb nga z.Gunn Marit Gelgesen q\u00eb \u00ebsht\u00eb Presidenti i Dhom\u00ebs \u00eb Rajoneve t\u00eb Kongresit se p\u00ebr fat t\u00eb keq, citoj: Zgjedhjet lokale t\u00eb vitit 2019 nuk ishin t\u00eb favorshme p\u00ebr forcimin e demokracis\u00eb lokale n\u00eb Shqip\u00ebri, por kan\u00eb \u00e7uar n\u00eb m\u00eb pak pluraliz\u00ebm n\u00eb bashki dhe n\u00eb nj\u00eb erozion t\u00eb m\u00eb tejsh\u00ebm t\u00eb besim t\u00eb qytetar\u00ebve n\u00eb institucionet e vendit.\u00a0<\/em><\/p>\n<p><em>Shqip\u00ebria duhet t\u00eb p\u00ebrmbush\u00eb detyrat e sht\u00ebpis\u00eb t\u00eb p\u00ebrcaktuara n\u00eb rezolut\u00ebn e Bundestagut Gjerman si kusht p\u00ebr \u00e7eljen e negociatave me Bashkimin Europian. Prandaj mazhoranca n\u00eb m\u00ebnyr\u00eb t\u00eb ve\u00e7ant\u00eb qeveria, duhet t\u00eb heq\u00eb dor\u00eb nga bllokimi i q\u00ebllimsh\u00ebm i Gjykat\u00ebs Kushtetuese, duhet t\u00eb heq\u00eb dor\u00eb nga p\u00ebrpjekjet p\u00ebr t\u00eb kapur Gjykat\u00ebn Kushtetuese duke kompromentuar n\u00eb k\u00ebt\u00eb m\u00ebnyr\u00eb t\u00eb gjith\u00eb Reform\u00ebn n\u00eb Drejt\u00ebsi.\u00a0<\/em><em>Sepse n\u00eb m\u00ebnyr\u00eb t\u00eb q\u00ebllimt\u00eb ka bllokuar Gjykat\u00ebn Kushtetuese pik\u00ebrisht p\u00ebr t\u00eb krijuar terrenin e pand\u00ebshkueshme ris\u00eb, terrenin e mos zbatimit t\u00eb ligjit dhe terrenin e kriminalizmit t\u00eb m\u00eb tejsh\u00ebm t\u00eb jet\u00ebs publike, politike n\u00eb vend.<\/em><\/p>","protected":false},"excerpt":{"rendered":"<p>N\u00ebnkryetari i LSI Luan Rama thot\u00eb se raporti i Delegacionit t\u00eb Autoriteteve Lokale t\u00eb KiE \u00ebsht\u00eb nj\u00eb prov\u00eb e qart\u00eb se zgjedhjet e 30 qershorit kan\u00eb r\u00ebn\u00eb. N\u00eb nj\u00eb dalje p\u00ebr mediat nga selia e LSI, Rama tha se Shqip\u00ebria duhet t\u00eb p\u00ebrmbush\u00eb detyrat e sht\u00ebpis\u00eb t\u00eb p\u00ebrcaktuara n\u00eb rezolut\u00ebn e Bundestagut si kusht p\u00ebr [&hellip;]<\/p>\n","protected":false},"author":2013,"featured_media":62302,"comment_status":"open","ping_status":"closed","sticky":false,"template":"","format":"standard","meta":{"footnotes":""},"categories":[241,235],"tags":[],"class_list":{"0":"post-121496","1":"post","2":"type-post","3":"status-publish","4":"format-standard","5":"has-post-thumbnail","7":"category-aktualitet","8":"category-vendi"},"_links":{"self":[{"href":"https:\/\/zjarr.tv\/en\/wp-json\/wp\/v2\/posts\/121496","targetHints":{"allow":["GET"]}}],"collection":[{"href":"https:\/\/zjarr.tv\/en\/wp-json\/wp\/v2\/posts"}],"about":[{"href":"https:\/\/zjarr.tv\/en\/wp-json\/wp\/v2\/types\/post"}],"author":[{"embeddable":true,"href":"https:\/\/zjarr.tv\/en\/wp-json\/wp\/v2\/users\/2013"}],"replies":[{"embeddable":true,"href":"https:\/\/zjarr.tv\/en\/wp-json\/wp\/v2\/comments?post=121496"}],"version-history":[{"count":0,"href":"https:\/\/zjarr.tv\/en\/wp-json\/wp\/v2\/posts\/121496\/revisions"}],"wp:featuredmedia":[{"embeddable":true,"href":"https:\/\/zjarr.tv\/en\/wp-json\/wp\/v2\/media\/62302"}],"wp:attachment":[{"href":"https:\/\/zjarr.tv\/en\/wp-json\/wp\/v2\/media?parent=121496"}],"wp:term":[{"taxonomy":"category","embeddable":true,"href":"https:\/\/zjarr.tv\/en\/wp-json\/wp\/v2\/categories?post=121496"},{"taxonomy":"post_tag","embeddable":true,"href":"https:\/\/zjarr.tv\/en\/wp-json\/wp\/v2\/tags?post=121496"}],"curies":[{"name":"wp","href":"https:\/\/api.w.org\/{rel}","templated":true}]}}