{"id":121500,"date":"2020-02-07T13:30:40","date_gmt":"2020-02-07T12:30:40","guid":{"rendered":"https:\/\/zjarr.tv\/?p=121500"},"modified":"2020-02-07T13:30:40","modified_gmt":"2020-02-07T12:30:40","slug":"meta-takon-kongresmenin-amerikan-konsolidim-i-arritjeve-ne-ballkan","status":"publish","type":"post","link":"https:\/\/zjarr.tv\/en\/meta-takon-kongresmenin-amerikan-konsolidim-i-arritjeve-ne-ballkan\/","title":{"rendered":"Meta takon kongresmenin amerikan: Konsolidim i arritjeve n\u00eb Ballkan"},"content":{"rendered":"<p>Kreu i Shtetit, Ilir Meta ka zhvilluar nj\u00eb takim me kongresmenin amerikan Eliot Engel. Presidenti Meta thot\u00eb se gjat\u00eb bised\u00ebs vler\u00ebsuan r\u00ebnd\u00ebsin\u00eb e partneritetit strategjik dhe forcimit t\u00eb m\u00ebtejsh\u00ebm t\u00eb marr\u00ebdh\u00ebnieve t\u00eb shk\u00eblqyera shqiptaro-amerikane.<\/p>\n<p><em>&#8220;Si njoh\u00ebs i shk\u00eblqyer i rajonit, ai \u00ebsht\u00eb edhe nj\u00eb p\u00ebrkrah\u00ebs i angazhimit t\u00eb vazhduesh\u00ebm t\u00eb SHBA p\u00ebr t\u00eb konsoliduar t\u00eb gjitha arritjet e deritanishme n\u00eb Ballkan p\u00ebr paqen, stabilitetin, sigurin\u00eb, demokracin\u00eb e shtetin ligjor, dhe forcuar lidhjen ton\u00eb transatlantike&#8221;,<\/em>\u00a0shkruan Ilir Meta n\u00eb Facebook.<\/p>","protected":false},"excerpt":{"rendered":"<p>Kreu i Shtetit, Ilir Meta ka zhvilluar nj\u00eb takim me kongresmenin amerikan Eliot Engel. Presidenti Meta thot\u00eb se gjat\u00eb bised\u00ebs vler\u00ebsuan r\u00ebnd\u00ebsin\u00eb e partneritetit strategjik dhe forcimit t\u00eb m\u00ebtejsh\u00ebm t\u00eb marr\u00ebdh\u00ebnieve t\u00eb shk\u00eblqyera shqiptaro-amerikane. &#8220;Si njoh\u00ebs i shk\u00eblqyer i rajonit, ai \u00ebsht\u00eb edhe nj\u00eb p\u00ebrkrah\u00ebs i angazhimit t\u00eb vazhduesh\u00ebm t\u00eb SHBA p\u00ebr t\u00eb konsoliduar t\u00eb [&hellip;]<\/p>\n","protected":false},"author":2013,"featured_media":121501,"comment_status":"open","ping_status":"closed","sticky":false,"template":"","format":"standard","meta":{"footnotes":""},"categories":[241,235],"tags":[],"class_list":{"0":"post-121500","1":"post","2":"type-post","3":"status-publish","4":"format-standard","5":"has-post-thumbnail","7":"category-aktualitet","8":"category-vendi"},"_links":{"self":[{"href":"https:\/\/zjarr.tv\/en\/wp-json\/wp\/v2\/posts\/121500","targetHints":{"allow":["GET"]}}],"collection":[{"href":"https:\/\/zjarr.tv\/en\/wp-json\/wp\/v2\/posts"}],"about":[{"href":"https:\/\/zjarr.tv\/en\/wp-json\/wp\/v2\/types\/post"}],"author":[{"embeddable":true,"href":"https:\/\/zjarr.tv\/en\/wp-json\/wp\/v2\/users\/2013"}],"replies":[{"embeddable":true,"href":"https:\/\/zjarr.tv\/en\/wp-json\/wp\/v2\/comments?post=121500"}],"version-history":[{"count":0,"href":"https:\/\/zjarr.tv\/en\/wp-json\/wp\/v2\/posts\/121500\/revisions"}],"wp:featuredmedia":[{"embeddable":true,"href":"https:\/\/zjarr.tv\/en\/wp-json\/wp\/v2\/media\/121501"}],"wp:attachment":[{"href":"https:\/\/zjarr.tv\/en\/wp-json\/wp\/v2\/media?parent=121500"}],"wp:term":[{"taxonomy":"category","embeddable":true,"href":"https:\/\/zjarr.tv\/en\/wp-json\/wp\/v2\/categories?post=121500"},{"taxonomy":"post_tag","embeddable":true,"href":"https:\/\/zjarr.tv\/en\/wp-json\/wp\/v2\/tags?post=121500"}],"curies":[{"name":"wp","href":"https:\/\/api.w.org\/{rel}","templated":true}]}}