{"id":121510,"date":"2020-02-07T13:35:07","date_gmt":"2020-02-07T12:35:07","guid":{"rendered":"https:\/\/zjarr.tv\/?p=121510"},"modified":"2020-02-07T13:35:07","modified_gmt":"2020-02-07T12:35:07","slug":"reciprocitet-smund-te-kete-vucic-kurtit-nuk-iu-njohim-si-shtet","status":"publish","type":"post","link":"https:\/\/zjarr.tv\/en\/reciprocitet-smund-te-kete-vucic-kurtit-nuk-iu-njohim-si-shtet\/","title":{"rendered":"\u2018Reciprocitet s\u2019mund t\u00eb ket\u00eb\u2019, Vu\u00e7i\u00e7 &#8211; Kurtit: Nuk iu njohim si shtet&#8230;"},"content":{"rendered":"<p>Presidenti i Serbis\u00eb, Aleksander Vu\u00e7iq, n\u00eb nj\u00eb intervist\u00eb t\u00eb dh\u00ebn\u00eb p\u00ebr mediat serbe \u00ebsht\u00eb marr\u00eb pothuajse me t\u00eb gjitha premtimet e dh\u00ebna t\u00eb Albin Kurtit t\u00eb cilat nd\u00ebrlidhen me Serbin\u00eb dhe dialogun. Sa i p\u00ebrket premtimeve t\u00eb Kurtit, Vu\u00e7iq thot\u00eb se \u201cgj\u00ebrat nuk jan\u00eb aq t\u00eb thjeshta sikur je n\u00eb opozit\u00eb dhe flet pa p\u00ebrgjegj\u00ebsi\u201d. Duke folur p\u00ebr premtimin e Kurtit p\u00ebr z\u00ebvend\u00ebsimin e taks\u00ebs me reciprocitet, Vu\u00e7i\u00e7 thot\u00eb se ai duhet t\u00eb gjej\u00eb di\u00e7ka p\u00ebr t\u2019i ofruar popullit n\u00eb Kosov\u00eb.<\/p>\n<p>Megjithat\u00eb shton se nuk mund t\u00eb ket\u00eb reciprocitet pasi q\u00eb Serbia nuk e njeh Kosov\u00ebn si shtet. Paralajm\u00ebrimit nga qeveria e Kurtit p\u00ebr heqje t\u00eb taks\u00ebs Vu\u00e7i\u00eb i sheh si lajme t\u00eb mira, pasi sipas tij nj\u00eb vendim i till\u00eb i ka shkaktuar d\u00ebme t\u00eb m\u00ebdha Serbis\u00eb.<\/p>\n<p>\u201c\u00cbsht\u00eb mir\u00eb q\u00eb po e konsideron heqjen e taks\u00ebs, do t\u00eb ishte mir\u00eb t\u00eb bisedonim n\u00eb t\u00eb ardhmen\u201d, ka th\u00ebn\u00eb Vu\u00e7i\u00e7.<\/p>\n<p>Sipas tij vendime t\u00eb tilla jan\u00eb t\u00eb pritshme, pasi q\u00eb Kurti d\u00ebshiron avancimin e pozicionit t\u00eb tij si politikan.<\/p>\n<p>\u201cKjo \u00ebsht\u00eb di\u00e7ka q\u00eb pritet, Kurti \u00ebsht\u00eb duke p\u00ebrparuar n\u00eb pozit\u00ebn e tij politike n\u00eb aren\u00ebn nd\u00ebrkomb\u00ebtare\u201d, ka th\u00ebn\u00eb Vu\u00e7i\u00e7.<\/p>\n<p>Sa i p\u00ebrket mund\u00ebsis\u00eb s\u00eb uljes n\u00eb tavolin\u00ebn e negociatave me Kurtin, Vu\u00e7i\u00e7 ka th\u00ebn\u00eb se nuk p\u00ebrcakton Beogradi se me k\u00eb ulet n\u00eb tavolin\u00eb, pasi q\u00eb populli n\u00eb Kosov\u00eb zgjedh p\u00ebrfaq\u00ebsuesit e tyre. Teksa ka folur p\u00ebr paralajm\u00ebrimin e Kurtit p\u00ebr ligjin p\u00ebr gjenocidin, Vu\u00e7i\u00e7 thot\u00eb se \u00ebsht\u00eb nj\u00eb mashtrim i cili nuk mund t\u00eb frik\u00ebsoj\u00eb Serbin\u00eb. N\u00eb fund kreu i shtetit serb ka folur edhe p\u00ebr situat\u00ebn e siguris\u00eb. Vu\u00e7i\u00e7 thot\u00eb se \u00ebsht\u00eb i lumtur q\u00eb n\u00eb 8 vjet\u00ebt e fundit nuk ka pasur ndonj\u00eb incident apo konflikt n\u00eb baza nacionale.<\/p>","protected":false},"excerpt":{"rendered":"<p>Presidenti i Serbis\u00eb, Aleksander Vu\u00e7iq, n\u00eb nj\u00eb intervist\u00eb t\u00eb dh\u00ebn\u00eb p\u00ebr mediat serbe \u00ebsht\u00eb marr\u00eb pothuajse me t\u00eb gjitha premtimet e dh\u00ebna t\u00eb Albin Kurtit t\u00eb cilat nd\u00ebrlidhen me Serbin\u00eb dhe dialogun. Sa i p\u00ebrket premtimeve t\u00eb Kurtit, Vu\u00e7iq thot\u00eb se \u201cgj\u00ebrat nuk jan\u00eb aq t\u00eb thjeshta sikur je n\u00eb opozit\u00eb dhe flet pa p\u00ebrgjegj\u00ebsi\u201d. [&hellip;]<\/p>\n","protected":false},"author":2013,"featured_media":69258,"comment_status":"open","ping_status":"closed","sticky":false,"template":"","format":"standard","meta":{"footnotes":""},"categories":[241,2],"tags":[],"class_list":{"0":"post-121510","1":"post","2":"type-post","3":"status-publish","4":"format-standard","5":"has-post-thumbnail","7":"category-aktualitet","8":"category-rajoni"},"_links":{"self":[{"href":"https:\/\/zjarr.tv\/en\/wp-json\/wp\/v2\/posts\/121510","targetHints":{"allow":["GET"]}}],"collection":[{"href":"https:\/\/zjarr.tv\/en\/wp-json\/wp\/v2\/posts"}],"about":[{"href":"https:\/\/zjarr.tv\/en\/wp-json\/wp\/v2\/types\/post"}],"author":[{"embeddable":true,"href":"https:\/\/zjarr.tv\/en\/wp-json\/wp\/v2\/users\/2013"}],"replies":[{"embeddable":true,"href":"https:\/\/zjarr.tv\/en\/wp-json\/wp\/v2\/comments?post=121510"}],"version-history":[{"count":0,"href":"https:\/\/zjarr.tv\/en\/wp-json\/wp\/v2\/posts\/121510\/revisions"}],"wp:featuredmedia":[{"embeddable":true,"href":"https:\/\/zjarr.tv\/en\/wp-json\/wp\/v2\/media\/69258"}],"wp:attachment":[{"href":"https:\/\/zjarr.tv\/en\/wp-json\/wp\/v2\/media?parent=121510"}],"wp:term":[{"taxonomy":"category","embeddable":true,"href":"https:\/\/zjarr.tv\/en\/wp-json\/wp\/v2\/categories?post=121510"},{"taxonomy":"post_tag","embeddable":true,"href":"https:\/\/zjarr.tv\/en\/wp-json\/wp\/v2\/tags?post=121510"}],"curies":[{"name":"wp","href":"https:\/\/api.w.org\/{rel}","templated":true}]}}