{"id":121512,"date":"2020-02-07T13:36:40","date_gmt":"2020-02-07T12:36:40","guid":{"rendered":"https:\/\/zjarr.tv\/?p=121512"},"modified":"2020-02-07T13:36:40","modified_gmt":"2020-02-07T12:36:40","slug":"soreca-po-monitorojme-nga-afer-zbatimin-e-anti-kck","status":"publish","type":"post","link":"https:\/\/zjarr.tv\/en\/soreca-po-monitorojme-nga-afer-zbatimin-e-anti-kck\/","title":{"rendered":"Soreca: Po monitorojm\u00eb nga af\u00ebr zbatimin e \u201cAnti-K\u00c7K\u201d"},"content":{"rendered":"<p>Ambasadori i BE n\u00eb Tiran\u00eb, Luigi Soreca, foli nga pika kufitare e Kakavij\u00ebs p\u00ebr operacionin \u201cForca e Ligjit\u201d, duke th\u00ebn\u00eb se po monitoron nga af\u00ebr gjith\u00e7ka.Kryetari i BE deklaroi se shum\u00eb shpejt do t\u00eb takohet me kreun e SPAK p\u00ebr t\u2019u siguruar q\u00eb ligji t\u00eb zbatohet n\u00eb p\u00ebrputhje t\u00eb plot\u00eb me t\u00eb drejtat e njeriut.<\/p>\n<p>\u201cM\u00eb pyesni sikur un\u00eb jam prokuror apo n\u00eb krye t\u00eb operacionit Forca e Ligjit, por un\u00eb nuk jam. Ajo q\u00eb mund t\u00eb them \u00ebsht\u00eb se ky ligj i posa\u00e7\u00ebm aplikon parimin e r\u00ebnd\u00ebsish\u00ebm t\u00eb ndjekjes s\u00eb paras\u00eb. Ligji \u00ebsht\u00eb i qart\u00eb me subjektet e tij. P\u00ebr ne t\u00eb BE \u00ebsht\u00eb e r\u00ebnd\u00ebsishme m\u00ebnyra si do zbatohet dhe po zbatohet ligji. Ne po e monitorojm\u00eb nga af\u00ebr zbatimin e k\u00ebtij ligji. S\u00eb shpejti do t\u00eb takohem me kryetarin e SPAK, ligji duhet zbatuar n\u00eb p\u00ebrputhje t\u00eb plot\u00eb me t\u00eb drejtat e njeriut\u201d, tha Soreca. Nga ana tjet\u00ebr, kreu i Policis\u00eb s\u00eb Shtetit, Ardi Veliu, paralajm\u00ebroi se nuk do t\u00eb ket\u00eb asnj\u00eb toleranc\u00eb p\u00ebr t\u00eb gjith\u00eb ata presona, q\u00eb do t\u00eb jen\u00eb subjekt i paket\u00ebs \u201cAnti-K\u00c7K\u201d.<\/p>\n<p>\u201cAkti normativ ka vet\u00ebm pes\u00eb dit\u00eb q\u00eb \u00ebsht\u00eb duke u implementuar dhe ka fuqi zbatimi deri n\u00eb fund t\u00eb dhjetorit. \u00c7do preson q\u00eb do jet\u00eb pjes\u00eb e k\u00ebtij akti, do jet\u00eb pjes\u00eb e hetimeve dhe nuk do t\u00eb ket\u00eb asnj\u00eb toleranc\u00eb\u201d, deklaroi Veliu.<\/p>","protected":false},"excerpt":{"rendered":"<p>Ambasadori i BE n\u00eb Tiran\u00eb, Luigi Soreca, foli nga pika kufitare e Kakavij\u00ebs p\u00ebr operacionin \u201cForca e Ligjit\u201d, duke th\u00ebn\u00eb se po monitoron nga af\u00ebr gjith\u00e7ka.Kryetari i BE deklaroi se shum\u00eb shpejt do t\u00eb takohet me kreun e SPAK p\u00ebr t\u2019u siguruar q\u00eb ligji t\u00eb zbatohet n\u00eb p\u00ebrputhje t\u00eb plot\u00eb me t\u00eb drejtat e njeriut. [&hellip;]<\/p>\n","protected":false},"author":2013,"featured_media":91029,"comment_status":"open","ping_status":"closed","sticky":false,"template":"","format":"standard","meta":{"footnotes":""},"categories":[241,235],"tags":[],"class_list":{"0":"post-121512","1":"post","2":"type-post","3":"status-publish","4":"format-standard","5":"has-post-thumbnail","7":"category-aktualitet","8":"category-vendi"},"_links":{"self":[{"href":"https:\/\/zjarr.tv\/en\/wp-json\/wp\/v2\/posts\/121512","targetHints":{"allow":["GET"]}}],"collection":[{"href":"https:\/\/zjarr.tv\/en\/wp-json\/wp\/v2\/posts"}],"about":[{"href":"https:\/\/zjarr.tv\/en\/wp-json\/wp\/v2\/types\/post"}],"author":[{"embeddable":true,"href":"https:\/\/zjarr.tv\/en\/wp-json\/wp\/v2\/users\/2013"}],"replies":[{"embeddable":true,"href":"https:\/\/zjarr.tv\/en\/wp-json\/wp\/v2\/comments?post=121512"}],"version-history":[{"count":0,"href":"https:\/\/zjarr.tv\/en\/wp-json\/wp\/v2\/posts\/121512\/revisions"}],"wp:featuredmedia":[{"embeddable":true,"href":"https:\/\/zjarr.tv\/en\/wp-json\/wp\/v2\/media\/91029"}],"wp:attachment":[{"href":"https:\/\/zjarr.tv\/en\/wp-json\/wp\/v2\/media?parent=121512"}],"wp:term":[{"taxonomy":"category","embeddable":true,"href":"https:\/\/zjarr.tv\/en\/wp-json\/wp\/v2\/categories?post=121512"},{"taxonomy":"post_tag","embeddable":true,"href":"https:\/\/zjarr.tv\/en\/wp-json\/wp\/v2\/tags?post=121512"}],"curies":[{"name":"wp","href":"https:\/\/api.w.org\/{rel}","templated":true}]}}