{"id":121514,"date":"2020-02-07T13:38:01","date_gmt":"2020-02-07T12:38:01","guid":{"rendered":"https:\/\/zjarr.tv\/?p=121514"},"modified":"2020-02-07T13:38:01","modified_gmt":"2020-02-07T12:38:01","slug":"vasili-rama-po-perdor-nje-strategji-te-lige-kunder-be-se","status":"publish","type":"post","link":"https:\/\/zjarr.tv\/en\/vasili-rama-po-perdor-nje-strategji-te-lige-kunder-be-se\/","title":{"rendered":"Vasili: Rama po p\u00ebrdor nj\u00eb strategji t\u00eb lig\u00eb kund\u00ebr BE-s\u00eb"},"content":{"rendered":"<p>N\u00ebnkryetari i LSI, Petrit Vasili, komentoi deklarat\u00ebn e kryeministrit Edi Rama dh\u00ebn\u00eb p\u00ebr AFP, teksa shprehej se Shqip\u00ebria s\u2019do qaj\u00eb jasht\u00eb der\u00ebs s\u00eb BE\u201d, duke th\u00ebn\u00eb se \u201cEdi qesh dhe nuk qan, por harron se qesh mir\u00eb, kush qesh i fundit\u201d. Sipas Vasilit, kjo sjellje arrogante, vulgare dhe agresive e Ram\u00ebs ndaj Evrop\u00ebs nuk \u00ebsht\u00eb rast\u00ebsi, por \u00ebsht\u00eb strategji e kryeministrit ton\u00eb p\u00ebr t\u00eb krijuar alibin\u00eb e Shqip\u00ebris\u00eb drejt Lindjes.<\/p>\n<p><strong>Mesazhi i Vasilit:<\/strong><\/p>\n<p>Edi qesh dhe nuk qan,por harron qe qesh mire kush qesh i fundit\u2026..!<\/p>\n<p>\u201cShqip\u00ebria nuk do t\u00eb q\u00ebndroj\u00eb n\u00eb der\u00ebn e Evrop\u00ebs dhe t\u00eb qaj\u00eb q\u00eb ajo t\u00eb hapet\u201d, deklaroi Edi Rama p\u00ebr AFP.<\/p>\n<p>Po eshte e vertete, Edi ja ka dale ta lere Shqiperine jashte Europes, ky eshte \u201csuksesi\u201d me i madh i tij.<\/p>\n<p>Arrogant, vulgar dhe agresiv ndaj Europes ai ja ka dale te jete i neveritshem me Europianet dhe pasojat i vuajne shqiptaret.<\/p>\n<p>Sjellja e Edit me europianet nuk eshte rastesi, nuk eshte psikopati, por eshte strategji e tij per krijuar alibine e Shqiperise drejt Lindjes sepse gjoja Perendimi nuk e do Shqiperine.<\/p>\n<p>Kjo strategji e lige kembengulese Anti BE eshte gatuar larg\u2026ne Lindje dhe Edi eshte produkt dhe sherbetor i saj.<\/p>\n<p>Sot Edi qesh sepse strategjia e Lindjes ka fituar.<\/p>\n<p>Por Shqiptaret shohin vetem nga perendimi.<\/p>\n<p>Shqiptaret jane te perjetshem.<\/p>\n<p>Edi eshte shume shume i perkohshem gati i ikur\u2026.<\/p>\n<p>Shqiperia drejt perendimit eshte rruge pa kthim.<\/p>\n<p>Qesh Edi sot, por duhet te mos harroje se qesh mire kush qesh i fundit\u2026.por atehere Edi do te qaje shume dhe do te jete fare vetem\u2026.<\/p>","protected":false},"excerpt":{"rendered":"<p>N\u00ebnkryetari i LSI, Petrit Vasili, komentoi deklarat\u00ebn e kryeministrit Edi Rama dh\u00ebn\u00eb p\u00ebr AFP, teksa shprehej se Shqip\u00ebria s\u2019do qaj\u00eb jasht\u00eb der\u00ebs s\u00eb BE\u201d, duke th\u00ebn\u00eb se \u201cEdi qesh dhe nuk qan, por harron se qesh mir\u00eb, kush qesh i fundit\u201d. Sipas Vasilit, kjo sjellje arrogante, vulgare dhe agresive e Ram\u00ebs ndaj Evrop\u00ebs nuk \u00ebsht\u00eb [&hellip;]<\/p>\n","protected":false},"author":2013,"featured_media":107732,"comment_status":"open","ping_status":"closed","sticky":false,"template":"","format":"standard","meta":{"footnotes":""},"categories":[241,235],"tags":[],"class_list":{"0":"post-121514","1":"post","2":"type-post","3":"status-publish","4":"format-standard","5":"has-post-thumbnail","7":"category-aktualitet","8":"category-vendi"},"_links":{"self":[{"href":"https:\/\/zjarr.tv\/en\/wp-json\/wp\/v2\/posts\/121514","targetHints":{"allow":["GET"]}}],"collection":[{"href":"https:\/\/zjarr.tv\/en\/wp-json\/wp\/v2\/posts"}],"about":[{"href":"https:\/\/zjarr.tv\/en\/wp-json\/wp\/v2\/types\/post"}],"author":[{"embeddable":true,"href":"https:\/\/zjarr.tv\/en\/wp-json\/wp\/v2\/users\/2013"}],"replies":[{"embeddable":true,"href":"https:\/\/zjarr.tv\/en\/wp-json\/wp\/v2\/comments?post=121514"}],"version-history":[{"count":0,"href":"https:\/\/zjarr.tv\/en\/wp-json\/wp\/v2\/posts\/121514\/revisions"}],"wp:featuredmedia":[{"embeddable":true,"href":"https:\/\/zjarr.tv\/en\/wp-json\/wp\/v2\/media\/107732"}],"wp:attachment":[{"href":"https:\/\/zjarr.tv\/en\/wp-json\/wp\/v2\/media?parent=121514"}],"wp:term":[{"taxonomy":"category","embeddable":true,"href":"https:\/\/zjarr.tv\/en\/wp-json\/wp\/v2\/categories?post=121514"},{"taxonomy":"post_tag","embeddable":true,"href":"https:\/\/zjarr.tv\/en\/wp-json\/wp\/v2\/tags?post=121514"}],"curies":[{"name":"wp","href":"https:\/\/api.w.org\/{rel}","templated":true}]}}