{"id":121516,"date":"2020-02-07T14:01:20","date_gmt":"2020-02-07T13:01:20","guid":{"rendered":"https:\/\/zjarr.tv\/?p=121516"},"modified":"2020-02-07T14:01:20","modified_gmt":"2020-02-07T13:01:20","slug":"paloka-xhafaj-tahiri-balla-e-olsi-rama-a-do-te-verifikohen","status":"publish","type":"post","link":"https:\/\/zjarr.tv\/en\/paloka-xhafaj-tahiri-balla-e-olsi-rama-a-do-te-verifikohen\/","title":{"rendered":"Paloka: Xhafaj, Tahiri, Balla e Olsi Rama a do t\u00eb verifikohen\u2026"},"content":{"rendered":"<p>\u201cGjat\u00eb qeverisjes s\u00eb Edi Ram\u00ebs, jo vet\u00ebm nuk u prek dhe nuk u sekuestrua pasuria e asnj\u00eb trafikanti droge, t\u00eb lidhur me pushtetin, por ata mor\u00ebn pasuri publike, miliona euro tendera dhe koncesione\u201d, k\u00ebshtu u shpreh n\u00eb nj\u00eb dale p\u00ebr mediat n\u00ebnkreyetari i PD Edi Paloka.<\/p>\n<p>\u201cRasti m\u00eb flagrant i d\u00ebshtimit t\u00eb shtetit p\u00ebrball\u00eb forc\u00ebs s\u00eb krimit, sipas Palok\u00ebs, \u00ebsht\u00eb Agron Xhafaj V\u00ebllai i ish Ministrit t\u00eb Brendsh\u00ebm, Fatmir Xhafaj, Saimir Tahiri, miqt\u00eb dhe bashk\u00ebpun\u00ebtor\u00ebt trafikant\u00eb droge t\u00eb Taulant Ball\u00ebs dhe Olsi Ram\u00ebs jan\u00eb t\u00eb papreksh\u00ebm nga ligji.<\/p>\n<p><strong>Ja deklarata e plot\u00eb e Palok\u00ebs.<\/strong><\/p>\n<p>Me Edi Ram\u00ebn n\u00eb krye t\u00eb qeveris\u00eb d\u00ebshtimi i t\u00eb ashtuquajturit ligji antiK\u00c7K \u00ebsht\u00eb i garantuar, nj\u00ebsoj si\u00e7 d\u00ebshtoi ligji Antimafia p\u00ebr t\u00eb goditur pasurit\u00eb e krimit.<\/p>\n<p>Gjat\u00eb qeverisjes s\u00eb Edi Ram\u00ebs, jo vet\u00ebm nuk u prek dhe nuk u sekuestrua pasuria e asnj\u00eb trafikanti droge, t\u00eb lidhur me pushtetin, por ata mor\u00ebn pasuri publike, miliona euro tendera dhe koncesione.<\/p>\n<p>Rasti m\u00eb flagrant i d\u00ebshtimit t\u00eb shtetit p\u00ebrball\u00eb forc\u00ebs s\u00eb krimit \u00ebsht\u00eb Agron Xhafaj. V\u00ebllai i ish ministrit t\u00eb brendsh\u00ebm, Fatmir Xhafaj, nuk u hetua asnj\u00ebher\u00eb p\u00ebr pasurit\u00eb e tij, megjith\u00ebse \u00ebsht\u00eb i d\u00ebnuar n\u00eb Itali p\u00ebr trafik nd\u00ebrkomb\u00ebtar droge.<\/p>\n<p>Agron Xhafaj \u00ebsht\u00eb i papreksh\u00ebm nga ligji, sepse ai dhe v\u00ebllai i tij deputet i Partis\u00eb Socialiste, i sh\u00ebrbejn\u00eb pushtetit kriminal t\u00eb Edi Ram\u00ebs.<\/p>\n<p>\u00cbsht\u00eb provuar se Drejtori i P\u00ebrgjithsh\u00ebm i Policis\u00eb, Ardi Veliu, shkeli \u00e7do ligj p\u00ebr t\u00eb mbrojtur 2 vjet m\u00eb par\u00eb Agron Xhaf\u00ebn, i kapur s\u00ebrish n\u00eb flagranc\u00eb si trafikant droge. Ardi Veliu, i cili sot kaloi vetingun politik n\u00eb polici, u komandua n\u00eb detyr\u00eb n\u00eb shkelje t\u00eb ligjit si ushtar i trafikantit t\u00eb drog\u00ebs Agron Xhafaj.<\/p>\n<p>Edi Rama, Sand\u00ebr Lleshaj dhe Ardi Veliu duhet t\u2019u p\u00ebrgjigjen disa\u00a0 pyetjeve:<\/p>\n<p>1. A e ka p\u00ebrfshir\u00eb policia v\u00ebllan\u00eb trafikant droge t\u00eb Fatmir Xhaf\u00ebs n\u00eb list\u00ebn e personave q\u00eb do t\u2019u verifikohet pasuria?<\/p>\n<p>2. Pse \u00ebsht\u00eb i papreksh\u00ebm Saimir Tahiri, subjekt direkt i ligjit antiK\u00c7K?<\/p>\n<p>3. Kush e pengon policin\u00eb t\u00eb zbatoj\u00eb ligjin nj\u00ebsoj p\u00ebr t\u00eb gjith\u00eb dhe t\u00eb verifikoj\u00eb pasurit\u00eb e miqve t\u00eb d\u00ebnuar si trafikant\u00eb droge t\u00eb Olsi Ram\u00ebs dhe Taulant Ball\u00ebs?<\/p>\n<p>48 or\u00eb jan\u00eb t\u00eb mjaftueshme p\u00ebr t\u00eb sqaruar opinionin publik, i cili, n\u00eb \u00e7do sondazh shprehet n\u00eb shumic\u00eb d\u00ebrrmuese se nuk i beson qeveris\u00eb s\u00eb Edi Ram\u00ebs as p\u00ebr t\u00eb luftuar krimin, as p\u00ebr t\u00eb luftuar korrupsionin dhe p\u00ebr t\u00eb rim\u00ebk\u00ebmbur ekonomin\u00eb e vendit.<\/p>\n<p>Shqip\u00ebris\u00eb nuk i duhen ligje, q\u00eb nuk zbatohen kurr\u00eb p\u00ebr miqt\u00eb, familjar\u00ebt dhe klient\u00ebt e kryeministrit. Shqip\u00ebris\u00eb i duhet nj\u00eb qeveri dhe nj\u00eb kryeminist\u00ebr q\u00eb nuk \u00ebsht\u00eb ortak i krimit t\u00eb organizuar.<\/p>\n<p>Partia Demokratike \u00ebsht\u00eb e vetmja forc\u00eb politike q\u00eb mund ta siguroj\u00eb k\u00ebt\u00eb. Ne treguar se kemi vullnetin p\u00ebr t\u00eb goditur krimin dhe p\u00ebr t\u00eb luftuar korrupsionin, dy armiqt\u00eb m\u00eb t\u00eb m\u00ebdhenj t\u00eb zhvillimit dhe mir\u00ebqenies s\u00eb shqiptar\u00ebve.<\/p>","protected":false},"excerpt":{"rendered":"<p>\u201cGjat\u00eb qeverisjes s\u00eb Edi Ram\u00ebs, jo vet\u00ebm nuk u prek dhe nuk u sekuestrua pasuria e asnj\u00eb trafikanti droge, t\u00eb lidhur me pushtetin, por ata mor\u00ebn pasuri publike, miliona euro tendera dhe koncesione\u201d, k\u00ebshtu u shpreh n\u00eb nj\u00eb dale p\u00ebr mediat n\u00ebnkreyetari i PD Edi Paloka. \u201cRasti m\u00eb flagrant i d\u00ebshtimit t\u00eb shtetit p\u00ebrball\u00eb forc\u00ebs [&hellip;]<\/p>\n","protected":false},"author":2013,"featured_media":65761,"comment_status":"open","ping_status":"closed","sticky":false,"template":"","format":"standard","meta":{"footnotes":""},"categories":[241,235],"tags":[],"class_list":{"0":"post-121516","1":"post","2":"type-post","3":"status-publish","4":"format-standard","5":"has-post-thumbnail","7":"category-aktualitet","8":"category-vendi"},"_links":{"self":[{"href":"https:\/\/zjarr.tv\/en\/wp-json\/wp\/v2\/posts\/121516","targetHints":{"allow":["GET"]}}],"collection":[{"href":"https:\/\/zjarr.tv\/en\/wp-json\/wp\/v2\/posts"}],"about":[{"href":"https:\/\/zjarr.tv\/en\/wp-json\/wp\/v2\/types\/post"}],"author":[{"embeddable":true,"href":"https:\/\/zjarr.tv\/en\/wp-json\/wp\/v2\/users\/2013"}],"replies":[{"embeddable":true,"href":"https:\/\/zjarr.tv\/en\/wp-json\/wp\/v2\/comments?post=121516"}],"version-history":[{"count":0,"href":"https:\/\/zjarr.tv\/en\/wp-json\/wp\/v2\/posts\/121516\/revisions"}],"wp:featuredmedia":[{"embeddable":true,"href":"https:\/\/zjarr.tv\/en\/wp-json\/wp\/v2\/media\/65761"}],"wp:attachment":[{"href":"https:\/\/zjarr.tv\/en\/wp-json\/wp\/v2\/media?parent=121516"}],"wp:term":[{"taxonomy":"category","embeddable":true,"href":"https:\/\/zjarr.tv\/en\/wp-json\/wp\/v2\/categories?post=121516"},{"taxonomy":"post_tag","embeddable":true,"href":"https:\/\/zjarr.tv\/en\/wp-json\/wp\/v2\/tags?post=121516"}],"curies":[{"name":"wp","href":"https:\/\/api.w.org\/{rel}","templated":true}]}}